{"id":59326,"date":"2023-08-31T09:30:00","date_gmt":"2023-08-31T14:30:00","guid":{"rendered":"http:\/\/www.zonaroja.com.mx\/?p=59326"},"modified":"2023-08-31T08:09:44","modified_gmt":"2023-08-31T13:09:44","slug":"pri-se-queda-sin-candidato-presidencial-por-primera-vez-en-la-historia","status":"publish","type":"post","link":"https:\/\/zonaroja.com.mx\/?p=59326","title":{"rendered":"PRI se queda sin candidato presidencial por primera vez en la historia"},"content":{"rendered":"\n<p>Redacci\u00f3n\/Zona Roja Cdmx.<\/p>\n\n\n\n<p>Ciudad de M\u00e9xico, a 31 de agosto de 2023.- Por primera vez en la historia, el Partido Revolucionario Institucional (PRI) se queda sin un candidato presidencial.&nbsp;<\/p>\n\n\n\n<p>Esto luego de que el Comit\u00e9 Organizador diera a conocer que X\u00f3chitl G\u00e1lvez aventaja a Beatriz Paredes en el sondeo ciudadano.<\/p>\n\n\n\n<p>De acuerdo con los resultados mostrados ayer en la cuenta de X del Comit\u00e9 del Frente Amplio Por M\u00e9xico (FAM), G\u00e1lvez tiene&nbsp;entre 15 y 19 puntos de ventaja sobre la senadora del PRI.<\/p>\n\n\n\n<p>El sondeo se llev\u00f3 a cabo con dos empresas, una de ellas fue el estudio telef\u00f3nico realizado por Wise, en el que la senadora del PAN obtiene el 59.4 por ciento por el 40.6 por ciento de Beatriz Paredes.<\/p>\n\n\n\n<p>La segunda muestra la llev\u00f3 a cabo \u201cReforma\u201d, \u00e9sta fue en vivienda y ah\u00ed el resultado es&nbsp;56.8 por ciento para G\u00e1lvez y 43.2 por ciento para Paredes Rangel.<\/p>\n\n\n\n<p>RESPALDO PRIISTA<\/p>\n\n\n\n<p>Adem\u00e1s, el&nbsp;PRI inform\u00f3 su respaldo a X\u00f3chitl G\u00e1lvez como candidata \u00fanica a coordinar el Frente Amplio por M\u00e9xico, lo que dejar\u00eda fuera de la contienda a la priista, Beatriz Paredes, quien&nbsp;estaba abajo de los sondeos publicados este mi\u00e9rcoles 30 de agosto.<\/p>\n\n\n\n<p>\u201cEs el tiempo de cerrar filas y buscar lo que m\u00e1s le convenga al Frente Amplio por M\u00e9xico&#8230; Somos inteligentes y claros,&nbsp;cuando hay ventajas claras hay que ir con la alternativa m\u00e1s competitiva. Beatriz Paredes es una gran compa\u00f1era y es nuestra amiga, hemos estado en comunicaci\u00f3n permanente. La informaci\u00f3n indica una ventaja amplia y consolidada por parte de X\u00f3chtil G\u00e1lvez, y en ese sentido, y&nbsp;con toda responsabilidad debemos actuar en funci\u00f3n y con estrategia.&nbsp;Por esas razones, los 32 comit\u00e9s directivos y estatales y organizaciones nacionales decidimos respaldar la candidatura \u00fanica de X\u00f3chitl G\u00e1lvez, y por ello buscamos reducir el desgaste pol\u00edtico\u201d, dijo Alejandro Moreno, dirigente nacional del PRI.<\/p>\n\n\n\n<p>ASUME DERROTA<\/p>\n\n\n\n<p>La senadora Beatriz Paredes finalmente asumi\u00f3 su derrota en el proceso interno del Va por M\u00e9xico (PRI-PAN-PRD), dejando el camino libre a X\u00f3chitl G\u00e1lvez, quien lidera las encuestas y posiblemente se confirme como coordinadora del Frente Amplio en los pr\u00f3ximos d\u00edas para posteriormente ser la candidata de la oposici\u00f3n a la Presidencia.<\/p>\n\n\n\n<p>El mensaje de Paredes lleg\u00f3 horas despu\u00e9s de que el PRI, partido que representa, anunciara que le iba a quitar el piso e iban a apoyar a X\u00f3chitl G\u00e1lvez rumbo al final del proceso interno de Va por M\u00e9xico, que se supon\u00eda que diera a un ganador hasta el domingo 3 de septiembre.<\/p>\n\n\n\n<p>CIERRAN FILAS<\/p>\n\n\n\n<p>Tras el anuncio del PRI de este mi\u00e9rcoles, los tres partidos de Va por M\u00e9xico, PRI, PAN y PRD cerraron filas con G\u00e1lvez, dejando \u2018sin piso\u2019 a Beatriz Paredes, quien desde d\u00edas antes dijo que lo ideal era esperar los resultados de las encuestas; sin embargo, tras los sondeos publicados este mismo d\u00eda por la alianza opositora, que mostraban la ventaja de entre 15 y 19 puntos a favor de la senadora panista, asumi\u00f3 su derrota.<\/p>\n\n\n\n<p>\u201cPara m\u00ed el final es cuando se dieran los resultados que revelaban que era irreversible el triunfo de la otra candidata. Esos resultados se han dado con la expresi\u00f3n de estas encuestas\u201d, dijo Beatriz Paredes.<\/p>\n\n\n\n<p>(Con informaci\u00f3n de \u201cEl Financiero\u201d)<\/p>\n","protected":false},"excerpt":{"rendered":"<p>Redacci\u00f3n\/Zona Roja Cdmx. Ciudad de M\u00e9xico, a 31 de agosto de 2023.- Por primera vez&hellip;<\/p>\n","protected":false},"author":2,"featured_media":59327,"comment_status":"closed","ping_status":"open","sticky":false,"template":"","format":"standard","meta":{"_lmt_disableupdate":"","_lmt_disable":"","_jetpack_memberships_contains_paid_content":false,"footnotes":""},"categories":[109,47],"tags":[3580,3665],"class_list":["post-59326","post","type-post","status-publish","format-standard","has-post-thumbnail","hentry","category-minuto-a-minuto","category-zona-gris","tag-elecciones-mexico-2024","tag-frente-amplio-por-mexico-fam"],"jetpack_featured_media_url":"https:\/\/zonaroja.com.mx\/wp-content\/uploads\/2023\/08\/Beatriz-Paredes-y-Xochitl-Galvez.jpeg","jetpack_sharing_enabled":true,"_links":{"self":[{"href":"https:\/\/zonaroja.com.mx\/index.php?rest_route=\/wp\/v2\/posts\/59326","targetHints":{"allow":["GET"]}}],"collection":[{"href":"https:\/\/zonaroja.com.mx\/index.php?rest_route=\/wp\/v2\/posts"}],"about":[{"href":"https:\/\/zonaroja.com.mx\/index.php?rest_route=\/wp\/v2\/types\/post"}],"author":[{"embeddable":true,"href":"https:\/\/zonaroja.com.mx\/index.php?rest_route=\/wp\/v2\/users\/2"}],"replies":[{"embeddable":true,"href":"https:\/\/zonaroja.com.mx\/index.php?rest_route=%2Fwp%2Fv2%2Fcomments&post=59326"}],"version-history":[{"count":1,"href":"https:\/\/zonaroja.com.mx\/index.php?rest_route=\/wp\/v2\/posts\/59326\/revisions"}],"predecessor-version":[{"id":59328,"href":"https:\/\/zonaroja.com.mx\/index.php?rest_route=\/wp\/v2\/posts\/59326\/revisions\/59328"}],"wp:featuredmedia":[{"embeddable":true,"href":"https:\/\/zonaroja.com.mx\/index.php?rest_route=\/wp\/v2\/media\/59327"}],"wp:attachment":[{"href":"https:\/\/zonaroja.com.mx\/index.php?rest_route=%2Fwp%2Fv2%2Fmedia&parent=59326"}],"wp:term":[{"taxonomy":"category","embeddable":true,"href":"https:\/\/zonaroja.com.mx\/index.php?rest_route=%2Fwp%2Fv2%2Fcategories&post=59326"},{"taxonomy":"post_tag","embeddable":true,"href":"https:\/\/zonaroja.com.mx\/index.php?rest_route=%2Fwp%2Fv2%2Ftags&post=59326"}],"curies":[{"name":"wp","href":"https:\/\/api.w.org\/{rel}","templated":true}]}}