{"id":59329,"date":"2023-08-31T12:10:00","date_gmt":"2023-08-31T17:10:00","guid":{"rendered":"http:\/\/www.zonaroja.com.mx\/?p=59329"},"modified":"2023-08-31T09:15:23","modified_gmt":"2023-08-31T14:15:23","slug":"expertas-de-la-onu-denuncian-ataques-contra-madres-buscadoras-en-mexico","status":"publish","type":"post","link":"https:\/\/zonaroja.com.mx\/?p=59329","title":{"rendered":"Expertas de la ONU denuncian ataques contra madres buscadoras en M\u00e9xico"},"content":{"rendered":"\n<p>Redacci\u00f3n\/Zona Roja Cdmx.<\/p>\n\n\n\n<p>Ciudad de M\u00e9xico, a 31 de agosto de 2023.- Las defensoras de derechos humanos que buscan a familiares y otros seres queridos desaparecidos en M\u00e9xico se enfrentan a intimidaci\u00f3n y ataques en ocasiones mortales, denunciaron hoy varias expertas de la ONU, que pusieron como ejemplo el caso de Teresa Magueyal, asesinada el pasado mes de mayo.<\/p>\n\n\n\n<p>La mujer, que llevaba tres a\u00f1os buscando a su hijo, fue acribillada cuando montaba en bicicleta en Celaya, en el estado de Guanajuato, mientras que en otro caso, la defensora de derechos humanos Araceli Rodr\u00edguez fue atacada en marzo en el estado de Guerrero.<\/p>\n\n\n\n<p>Ambas en principio estaban protegidas por el mecanismo federal para defensores de derechos humanos y periodistas.<\/p>\n\n\n\n<p>Ante este tipo de casos, las expertas instaron a las autoridades mexicanas a garantizar la \u201clibertad y seguridad\u201d de las activistas que trabajan en desapariciones forzadas a la hora de desempe\u00f1ar su trabajo.<\/p>\n\n\n\n<p>\u201cOperar en un entorno constante de miedo, amenaza e inseguridad tiene un efecto disuasivo sobre los familiares de las v\u00edctimas, los actores de la sociedad civil, los defensores de los derechos humanos y las organizaciones\u201d, se\u00f1alaron en un comunicado en el D\u00eda Internacional de las V\u00edctimas de Desapariciones Forzadas.<\/p>\n\n\n\n<p>Tambi\u00e9n pidieron a las autoridades mexicanas \u201cinvestigar, procesar e imponer sanciones apropiadas con prontitud\u201d a los responsables de dichas agresiones a las activistas que buscan a desaparecidos en el pa\u00eds.<\/p>\n\n\n\n<p>\u201cEs muy preocupante que contin\u00fae la impunidad por los cr\u00edmenes contra las defensoras y activistas de derechos humanos a pesar de las denuncias presentadas\u201d, afirmaron las especialistas.<\/p>\n\n\n\n<p>Las firmantes de esta declaraci\u00f3n son las relatoras especiales sobre defensores de los derechos humanos (Mary Lawlor), violencia contra las mujeres (Reem Alsalem) y derechos humanos de las personas mayores (Claudia Mahler).<\/p>\n\n\n\n<p>(Informaci\u00f3n de EFE en L\u00f3pez-D\u00f3riga Digital)<\/p>\n","protected":false},"excerpt":{"rendered":"<p>Redacci\u00f3n\/Zona Roja Cdmx. Ciudad de M\u00e9xico, a 31 de agosto de 2023.- Las defensoras de&hellip;<\/p>\n","protected":false},"author":2,"featured_media":59330,"comment_status":"closed","ping_status":"open","sticky":false,"template":"","format":"standard","meta":{"_lmt_disableupdate":"","_lmt_disable":"","_jetpack_memberships_contains_paid_content":false,"footnotes":""},"categories":[109,47],"tags":[],"class_list":["post-59329","post","type-post","status-publish","format-standard","has-post-thumbnail","hentry","category-minuto-a-minuto","category-zona-gris"],"jetpack_featured_media_url":"https:\/\/zonaroja.com.mx\/wp-content\/uploads\/2023\/08\/Madres-buscadoras-de-desaparecidos.webp","jetpack_sharing_enabled":true,"_links":{"self":[{"href":"https:\/\/zonaroja.com.mx\/index.php?rest_route=\/wp\/v2\/posts\/59329","targetHints":{"allow":["GET"]}}],"collection":[{"href":"https:\/\/zonaroja.com.mx\/index.php?rest_route=\/wp\/v2\/posts"}],"about":[{"href":"https:\/\/zonaroja.com.mx\/index.php?rest_route=\/wp\/v2\/types\/post"}],"author":[{"embeddable":true,"href":"https:\/\/zonaroja.com.mx\/index.php?rest_route=\/wp\/v2\/users\/2"}],"replies":[{"embeddable":true,"href":"https:\/\/zonaroja.com.mx\/index.php?rest_route=%2Fwp%2Fv2%2Fcomments&post=59329"}],"version-history":[{"count":1,"href":"https:\/\/zonaroja.com.mx\/index.php?rest_route=\/wp\/v2\/posts\/59329\/revisions"}],"predecessor-version":[{"id":59331,"href":"https:\/\/zonaroja.com.mx\/index.php?rest_route=\/wp\/v2\/posts\/59329\/revisions\/59331"}],"wp:featuredmedia":[{"embeddable":true,"href":"https:\/\/zonaroja.com.mx\/index.php?rest_route=\/wp\/v2\/media\/59330"}],"wp:attachment":[{"href":"https:\/\/zonaroja.com.mx\/index.php?rest_route=%2Fwp%2Fv2%2Fmedia&parent=59329"}],"wp:term":[{"taxonomy":"category","embeddable":true,"href":"https:\/\/zonaroja.com.mx\/index.php?rest_route=%2Fwp%2Fv2%2Fcategories&post=59329"},{"taxonomy":"post_tag","embeddable":true,"href":"https:\/\/zonaroja.com.mx\/index.php?rest_route=%2Fwp%2Fv2%2Ftags&post=59329"}],"curies":[{"name":"wp","href":"https:\/\/api.w.org\/{rel}","templated":true}]}}