{"id":59335,"date":"2023-08-31T12:18:00","date_gmt":"2023-08-31T17:18:00","guid":{"rendered":"http:\/\/www.zonaroja.com.mx\/?p=59335"},"modified":"2023-08-31T13:00:44","modified_gmt":"2023-08-31T18:00:44","slug":"logra-fiscalia-tres-vinculaciones-a-proceso-por-violencia-familiar-y-sexual","status":"publish","type":"post","link":"https:\/\/zonaroja.com.mx\/?p=59335","title":{"rendered":"Logra Fiscal\u00eda tres vinculaciones a proceso por violencia familiar y sexual"},"content":{"rendered":"\n<p>Redacci\u00f3n\/Zona Roja.<\/p>\n\n\n\n<p>Oaxaca de Ju\u00e1rez, Oax., a 31 de agosto de 2023.-&nbsp; La Fiscal\u00eda General del Estado de Oaxaca (FGEO) obtuvo auto de vinculaci\u00f3n a proceso contra dos personas del sexo masculino por dos diferentes casos en los que se investiga la comisi\u00f3n del delito de Violencia Familiar, en hechos ocurridos en las regiones de los Valles Centrales y Costa.<\/p>\n\n\n\n<p>El primer hecho sucedi\u00f3 en el municipio de San Agust\u00edn Yatareni, en un domicilio particular donde la v\u00edctima sufri\u00f3 violencia f\u00edsica y verbal.<\/p>\n\n\n\n<p>Por esta situaci\u00f3n, acudi\u00f3 ante la Fiscal\u00eda Especializada para la Atenci\u00f3n de Delitos contra la Mujer por Raz\u00f3n de G\u00e9nero, la cual inici\u00f3 con las investigaciones que permitieron la obtenci\u00f3n de una orden de aprehensi\u00f3n por el caso.<\/p>\n\n\n\n<p>Luego que elementos de la Agencia Estatal de Investigaciones ejecutaron el mandato judicial y detuvieron a R.C.L., quien fue presentado ante el Juez de Control, \u00e9ste dict\u00f3 auto de vinculaci\u00f3n a proceso e impuso la medida cautelar de prisi\u00f3n preventiva justificada, otorgando tres meses para el cierre de investigaci\u00f3n complementaria.<\/p>\n\n\n\n<p>El segundo caso sucedi\u00f3 el 20 de agosto de 2023, en un domicilio particular de Pinotepa Nacional, donde las v\u00edctimas fueron agredidas de manera f\u00edsica.<\/p>\n\n\n\n<p>Al tener conocimiento de los hechos, la Vicefiscal\u00eda Regional de la Costa inici\u00f3 las investigaciones que permitieron la obtenci\u00f3n de una orden de aprehensi\u00f3n que se ejecut\u00f3 en contra de P. M. S., quien fue presentado ante el Juez que atiende la causa, el cual dict\u00f3 auto de vinculaci\u00f3n a proceso en contra del imputado por el delito de Violencia Familiar, imponiendo prisi\u00f3n preventiva, adem\u00e1s de otorgar un mes y medio para el cierre de la investigaci\u00f3n complementaria.<\/p>\n\n\n\n<p>POR ABUSO SEXUAL&nbsp;<\/p>\n\n\n\n<p>En otro caso, la Fiscal\u00eda General del Estado de Oaxaca obtuvo prisi\u00f3n preventiva y vinculaci\u00f3n a proceso contra un hombre identificado como R. C. G., por el delito de Abuso Sexual cometido en agravio de una ni\u00f1a, en hechos ocurridos en la regi\u00f3n de la Sierra de Flores Mag\u00f3n.&nbsp;<\/p>\n\n\n\n<p>De acuerdo con el expediente penal, el 14 de agosto de 2023, cuando la v\u00edctima (una ni\u00f1a de 8 a\u00f1os cuya identidad est\u00e1 reservada por ley), se encontraba en el centro del municipio de Santa Mar\u00eda Texcatitl\u00e1n, sufri\u00f3 una agresi\u00f3n sexual.<\/p>\n\n\n\n<p>La madre de la menor de edad acudi\u00f3 ante las autoridades para denunciar el hecho, por lo que la FGEO inici\u00f3 una investigaci\u00f3n a trav\u00e9s de la Vicefiscal\u00eda General de Control Regional que present\u00f3 las pruebas suficientes por las que se obtuvo una orden de aprehensi\u00f3n.<\/p>\n\n\n\n<p>Elementos de la Agencia Estatal de Investigaciones (AEI) dieron cumplimiento al mandato judicial y detuvieron a R. C. G., quien qued\u00f3 a disposici\u00f3n del Juez que atiende la causa, mismo que, al evaluar los datos de prueba dict\u00f3 auto de vinculaci\u00f3n a proceso en contra del imputado, imponiendo la medida cautelar de prisi\u00f3n preventiva, adem\u00e1s que otorg\u00f3 tres meses para el cierre de la investigaci\u00f3n complementaria.<\/p>\n\n\n\n<p>La investigaci\u00f3n de delitos sexuales cometidos contra ni\u00f1as, ni\u00f1os y adolescentes, son prioritarios en la agenda de trabajo de la Fiscal\u00eda de Oaxaca, con el objetivo de garantizar una vida libre violencia para este sector social.<\/p>\n","protected":false},"excerpt":{"rendered":"<p>Redacci\u00f3n\/Zona Roja. Oaxaca de Ju\u00e1rez, Oax., a 31 de agosto de 2023.-&nbsp; La Fiscal\u00eda General&hellip;<\/p>\n","protected":false},"author":2,"featured_media":30722,"comment_status":"closed","ping_status":"open","sticky":false,"template":"","format":"standard","meta":{"_lmt_disableupdate":"","_lmt_disable":"","_jetpack_memberships_contains_paid_content":false,"footnotes":""},"categories":[109,46],"tags":[494],"class_list":["post-59335","post","type-post","status-publish","format-standard","has-post-thumbnail","hentry","category-minuto-a-minuto","category-zona-blanca","tag-fiscalia-general-del-estado-de-oaxaca"],"jetpack_featured_media_url":"https:\/\/zonaroja.com.mx\/wp-content\/uploads\/2021\/08\/Prision-carcel-2.jpg","jetpack_sharing_enabled":true,"_links":{"self":[{"href":"https:\/\/zonaroja.com.mx\/index.php?rest_route=\/wp\/v2\/posts\/59335","targetHints":{"allow":["GET"]}}],"collection":[{"href":"https:\/\/zonaroja.com.mx\/index.php?rest_route=\/wp\/v2\/posts"}],"about":[{"href":"https:\/\/zonaroja.com.mx\/index.php?rest_route=\/wp\/v2\/types\/post"}],"author":[{"embeddable":true,"href":"https:\/\/zonaroja.com.mx\/index.php?rest_route=\/wp\/v2\/users\/2"}],"replies":[{"embeddable":true,"href":"https:\/\/zonaroja.com.mx\/index.php?rest_route=%2Fwp%2Fv2%2Fcomments&post=59335"}],"version-history":[{"count":1,"href":"https:\/\/zonaroja.com.mx\/index.php?rest_route=\/wp\/v2\/posts\/59335\/revisions"}],"predecessor-version":[{"id":59336,"href":"https:\/\/zonaroja.com.mx\/index.php?rest_route=\/wp\/v2\/posts\/59335\/revisions\/59336"}],"wp:featuredmedia":[{"embeddable":true,"href":"https:\/\/zonaroja.com.mx\/index.php?rest_route=\/wp\/v2\/media\/30722"}],"wp:attachment":[{"href":"https:\/\/zonaroja.com.mx\/index.php?rest_route=%2Fwp%2Fv2%2Fmedia&parent=59335"}],"wp:term":[{"taxonomy":"category","embeddable":true,"href":"https:\/\/zonaroja.com.mx\/index.php?rest_route=%2Fwp%2Fv2%2Fcategories&post=59335"},{"taxonomy":"post_tag","embeddable":true,"href":"https:\/\/zonaroja.com.mx\/index.php?rest_route=%2Fwp%2Fv2%2Ftags&post=59335"}],"curies":[{"name":"wp","href":"https:\/\/api.w.org\/{rel}","templated":true}]}}