{"id":59337,"date":"2023-08-31T15:22:00","date_gmt":"2023-08-31T20:22:00","guid":{"rendered":"http:\/\/www.zonaroja.com.mx\/?p=59337"},"modified":"2023-08-31T08:24:14","modified_gmt":"2023-08-31T13:24:14","slug":"brinda-poder-judicial-orientacion-en-jornada-de-paz-y-justicia-en-la-costa","status":"publish","type":"post","link":"https:\/\/zonaroja.com.mx\/?p=59337","title":{"rendered":"Brinda Poder Judicial orientaci\u00f3n\u00a0en jornada de paz y justicia\u00a0en la Costa"},"content":{"rendered":"\n<p>Redacci\u00f3n\/Zona Roja.<\/p>\n\n\n\n<p>Oaxaca de Ju\u00e1rez, Oax., a 31 de agosto de 2023.- &nbsp;En el marco de la Octava Jornada de Paz y Justicia realizada en municipios de la regi\u00f3n de la Costa y coordinada por el Secretariado Ejecutivo del Sistema Estatal de Seguridad P\u00fablica (SESESP),&nbsp;el Poder Judicial del Estado brind\u00f3 a las y los habitantes de esta zona de la entidad, orientaci\u00f3n e&nbsp;informaci\u00f3n a trav\u00e9s de material impreso,&nbsp;did\u00e1ctico&nbsp;y charlas.<\/p>\n\n\n\n<p>Con&nbsp;el compromiso de&nbsp;estrechar los lazos con la sociedad y as\u00ed, recuperar la confianza en las instituciones, personal de la Direcci\u00f3n de Derechos Humanos y del Centro de Justicia Alternativa,&nbsp;recorri\u00f3&nbsp;los municipios de&nbsp;San Juan&nbsp;Cacahuatepec,&nbsp;Santiago Llano Grande, Santiago Pinotepa Nacional y Santiago Jamiltepec.<\/p>\n\n\n\n<p>En esta labor conjunta con&nbsp;instituciones estatales y federales&nbsp;mediante&nbsp;estrategias y programas encaminados a que m\u00e1s mujeres, adolescentes y ni\u00f1as de Oaxaca, ejerzan&nbsp;plenamente sus derechos humanos y constitucionales,&nbsp;el Poder Judicial del Estadoacerca a la ciudadan\u00eda de las regiones los servicios y tr\u00e1mites a cargo de la instituci\u00f3n.&nbsp;<\/p>\n\n\n\n<p>Asimismo,&nbsp;apoya las pol\u00edticas p\u00fablicas a favor de las mujeres y refrenda su&nbsp;compromiso para que este sector de la poblaci\u00f3n sea dotado de herramientas y conocimientos que&nbsp;les permitan detectar y actuar contra casos de violencia.<\/p>\n\n\n\n<p>De requerir apoyo a&nbsp;partir de situaciones como dificultades en procesos de tramitaci\u00f3n de un juicio, falta de atenci\u00f3n&nbsp;o un trato inadecuado por parte de algunos servidores p\u00fablicos,&nbsp;la ciudadan\u00eda en general&nbsp;tambi\u00e9n&nbsp;puede hacer uso del Centro de Respuesta Inmediata&nbsp;JusticiaTel, a trav\u00e9s del&nbsp;n\u00famero telef\u00f3nico 800 719 22 32.<\/p>\n","protected":false},"excerpt":{"rendered":"<p>Redacci\u00f3n\/Zona Roja. Oaxaca de Ju\u00e1rez, Oax., a 31 de agosto de 2023.- &nbsp;En el marco&hellip;<\/p>\n","protected":false},"author":2,"featured_media":59338,"comment_status":"closed","ping_status":"open","sticky":false,"template":"","format":"standard","meta":{"_lmt_disableupdate":"","_lmt_disable":"","_jetpack_memberships_contains_paid_content":false,"footnotes":""},"categories":[109,46],"tags":[223],"class_list":["post-59337","post","type-post","status-publish","format-standard","has-post-thumbnail","hentry","category-minuto-a-minuto","category-zona-blanca","tag-poder-judicial-de-oaxaca"],"jetpack_featured_media_url":"https:\/\/zonaroja.com.mx\/wp-content\/uploads\/2023\/08\/Atencion-a-la-poblacion-de-la-region-de-la-Costa.jpg","jetpack_sharing_enabled":true,"_links":{"self":[{"href":"https:\/\/zonaroja.com.mx\/index.php?rest_route=\/wp\/v2\/posts\/59337","targetHints":{"allow":["GET"]}}],"collection":[{"href":"https:\/\/zonaroja.com.mx\/index.php?rest_route=\/wp\/v2\/posts"}],"about":[{"href":"https:\/\/zonaroja.com.mx\/index.php?rest_route=\/wp\/v2\/types\/post"}],"author":[{"embeddable":true,"href":"https:\/\/zonaroja.com.mx\/index.php?rest_route=\/wp\/v2\/users\/2"}],"replies":[{"embeddable":true,"href":"https:\/\/zonaroja.com.mx\/index.php?rest_route=%2Fwp%2Fv2%2Fcomments&post=59337"}],"version-history":[{"count":1,"href":"https:\/\/zonaroja.com.mx\/index.php?rest_route=\/wp\/v2\/posts\/59337\/revisions"}],"predecessor-version":[{"id":59339,"href":"https:\/\/zonaroja.com.mx\/index.php?rest_route=\/wp\/v2\/posts\/59337\/revisions\/59339"}],"wp:featuredmedia":[{"embeddable":true,"href":"https:\/\/zonaroja.com.mx\/index.php?rest_route=\/wp\/v2\/media\/59338"}],"wp:attachment":[{"href":"https:\/\/zonaroja.com.mx\/index.php?rest_route=%2Fwp%2Fv2%2Fmedia&parent=59337"}],"wp:term":[{"taxonomy":"category","embeddable":true,"href":"https:\/\/zonaroja.com.mx\/index.php?rest_route=%2Fwp%2Fv2%2Fcategories&post=59337"},{"taxonomy":"post_tag","embeddable":true,"href":"https:\/\/zonaroja.com.mx\/index.php?rest_route=%2Fwp%2Fv2%2Ftags&post=59337"}],"curies":[{"name":"wp","href":"https:\/\/api.w.org\/{rel}","templated":true}]}}