{"id":59340,"date":"2023-08-31T17:25:00","date_gmt":"2023-08-31T22:25:00","guid":{"rendered":"http:\/\/www.zonaroja.com.mx\/?p=59340"},"modified":"2023-08-31T08:28:29","modified_gmt":"2023-08-31T13:28:29","slug":"sigue-el-misterio-con-el-caso-del-lider-de-sicarios-wagner-funerales-en-secreto","status":"publish","type":"post","link":"https:\/\/zonaroja.com.mx\/?p=59340","title":{"rendered":"Sigue el misterio con el caso del l\u00edder de sicarios Wagner; funerales en secreto"},"content":{"rendered":"\n<p>Redacci\u00f3n\/Zona Roja Cdmx.<\/p>\n\n\n\n<p>Ciudad de M\u00e9xico, a 31 de agosto de 2023.- El fundador del Grupo Wagner, Yevgeni Prigozhin, fue enterrado el martes en un cementerio de San Petersburgo sin la asistencia del presidente Vladimir Putin, ni ning\u00fan dirigente pol\u00edtico, cinco d\u00edas despu\u00e9s de morir cuando el avi\u00f3n en el que viajaba se estrell\u00f3 por causas desconocidas en la regi\u00f3n de Tver.<\/p>\n\n\n\n<p>\u201cLa despedida de Yevgueni V\u00edktorovich tuvo lugar en privado. Las personas que deseen despedirse de \u00e9l pueden ir al cementerio de Porojovskoie\u201d, escribi\u00f3 su sociedad, Concord, en Telegram.<\/p>\n\n\n\n<p>Es el primer mensaje que escribe Concord desde la rebeli\u00f3n abortada de Wagner contra el Estado Mayor ruso a finales de junio, que hizo de Prigozhin un enemigo del poder.<\/p>\n\n\n\n<p>El jefe y fundador de Wagner, un hombre que pas\u00f3 parte de su juventud en prisi\u00f3n e hizo fortuna en el mundo de la restauraci\u00f3n, era originario de San Petersburgo, al igual que Putin.<\/p>\n\n\n\n<p>El portavoz del Kremlin, Dmitri Peskov, anunci\u00f3 unas horas antes que el mandatario no ten\u00eda previsto asistir a los funerales del jefe del grupo Wagner, al que en junio calific\u00f3 de \u201ctraidor\u201d por su rebeli\u00f3n contra la c\u00fapula del Estado Mayor.<\/p>\n\n\n\n<p>LOS HOMENAJES<\/p>\n\n\n\n<p>En varias ciudades de Rusia se registraron en estos \u00faltimos d\u00edas homenajes espont\u00e1neos a la figura de Prigozhin, que ha comandado durante a\u00f1os una red de mercenarios implicada en varios escenarios de conflicto, incluido el de Ucrania.<\/p>\n\n\n\n<p>El consejero de la presidencia ucrania, Mijailo Podoliak, ironiz\u00f3 en Telegram sobre los \u201cfunerales secretos\u201d de Prigozhin, s\u00edmbolo seg\u00fan \u00e9l del \u201cverdadero miedo de Putin\u201d, que teme \u201cmanifestaciones masivas\u201d y por su reputaci\u00f3n.<\/p>\n\n\n\n<p>Despu\u00e9s de a\u00f1os en la sombra, el magnate se convirti\u00f3 en una de las figuras m\u00e1s visibles de la vida pol\u00edtica rusa al calor de la ofensiva en Ucrania. El mi\u00e9rcoles falleci\u00f3 al estrellarse su avi\u00f3n al noroeste de Mosc\u00fa.<\/p>\n\n\n\n<p>La cat\u00e1strofe cost\u00f3 la vida a la mano derecha de Prigozhin, Dmitri Utkin, y a otras ocho personas, y suscit\u00f3 sospechas del lado de Occidente y de Ucrania de que el Kremlin podr\u00eda estar implicado.<\/p>\n\n\n\n<p>Pero Peskov barri\u00f3 esas sospechas el viernes pasado, al decir que \u00e9stas no son m\u00e1s que una \u201cmentira absoluta\u201d y pura \u201cespeculaci\u00f3n\u201d.<\/p>\n\n\n\n<p>ACUSAN ATAQUES<\/p>\n\n\n\n<p>Funcionarios rusos acusaron a Ucrania de lanzar drones contra seis regiones rusas en las primeras horas de hoy mi\u00e9rcoles, en lo que parece la mayor ofensiva con aeronaves no tripuladas sobre territorio ruso en los 18 meses de guerra contra Ucrania.<\/p>\n\n\n\n<p>Los drones impactaron un aeropuerto en la regi\u00f3n occidental de Pskov, donde causaron un enorme incendio, informaron el gobernador local y medios de comunicaci\u00f3n. Seg\u00fan el Ministerio de Defensa, tambi\u00e9n se derribaron drones sobre las regiones de Oriol, Briansk, Riaz\u00e1n, Kaluga y la regi\u00f3n de Mosc\u00fa que rodea a la capital.<\/p>\n\n\n\n<p>El ataque en Pskov desat\u00f3 un enorme incendio, y cuatro aeronaves de transporte Il-78 resultaron da\u00f1adas, se\u00f1alaron funcionarios de emergencia a la agencia noticiosa estatal rusa Tass,<\/p>\n\n\n\n<p>El gobernador regional de Pskov, Mija\u00edl Vedernikov, orden\u00f3 la cancelaci\u00f3n de todos los vuelos desde y hacia el aeropuerto de Pskov, debido a la necesidad de evaluar los da\u00f1os a la luz del d\u00eda.<\/p>\n\n\n\n<p>(Informaci\u00f3n de agencias en \u201cLa Jornada\u201d)<\/p>\n","protected":false},"excerpt":{"rendered":"<p>Redacci\u00f3n\/Zona Roja Cdmx. Ciudad de M\u00e9xico, a 31 de agosto de 2023.- El fundador del&hellip;<\/p>\n","protected":false},"author":2,"featured_media":59071,"comment_status":"closed","ping_status":"open","sticky":false,"template":"","format":"standard","meta":{"_lmt_disableupdate":"","_lmt_disable":"","_jetpack_memberships_contains_paid_content":false,"footnotes":""},"categories":[109,47],"tags":[3589],"class_list":["post-59340","post","type-post","status-publish","format-standard","has-post-thumbnail","hentry","category-minuto-a-minuto","category-zona-gris","tag-grupo-wagner-rusia"],"jetpack_featured_media_url":"https:\/\/zonaroja.com.mx\/wp-content\/uploads\/2023\/08\/Accidente-jefe-grupo-Wagner-Rusia.webp","jetpack_sharing_enabled":true,"_links":{"self":[{"href":"https:\/\/zonaroja.com.mx\/index.php?rest_route=\/wp\/v2\/posts\/59340","targetHints":{"allow":["GET"]}}],"collection":[{"href":"https:\/\/zonaroja.com.mx\/index.php?rest_route=\/wp\/v2\/posts"}],"about":[{"href":"https:\/\/zonaroja.com.mx\/index.php?rest_route=\/wp\/v2\/types\/post"}],"author":[{"embeddable":true,"href":"https:\/\/zonaroja.com.mx\/index.php?rest_route=\/wp\/v2\/users\/2"}],"replies":[{"embeddable":true,"href":"https:\/\/zonaroja.com.mx\/index.php?rest_route=%2Fwp%2Fv2%2Fcomments&post=59340"}],"version-history":[{"count":1,"href":"https:\/\/zonaroja.com.mx\/index.php?rest_route=\/wp\/v2\/posts\/59340\/revisions"}],"predecessor-version":[{"id":59341,"href":"https:\/\/zonaroja.com.mx\/index.php?rest_route=\/wp\/v2\/posts\/59340\/revisions\/59341"}],"wp:featuredmedia":[{"embeddable":true,"href":"https:\/\/zonaroja.com.mx\/index.php?rest_route=\/wp\/v2\/media\/59071"}],"wp:attachment":[{"href":"https:\/\/zonaroja.com.mx\/index.php?rest_route=%2Fwp%2Fv2%2Fmedia&parent=59340"}],"wp:term":[{"taxonomy":"category","embeddable":true,"href":"https:\/\/zonaroja.com.mx\/index.php?rest_route=%2Fwp%2Fv2%2Fcategories&post=59340"},{"taxonomy":"post_tag","embeddable":true,"href":"https:\/\/zonaroja.com.mx\/index.php?rest_route=%2Fwp%2Fv2%2Ftags&post=59340"}],"curies":[{"name":"wp","href":"https:\/\/api.w.org\/{rel}","templated":true}]}}