{"id":59342,"date":"2023-08-31T09:09:28","date_gmt":"2023-08-31T14:09:28","guid":{"rendered":"http:\/\/www.zonaroja.com.mx\/?p=59342"},"modified":"2023-08-31T09:09:30","modified_gmt":"2023-08-31T14:09:30","slug":"dan-reves-a-amparo-que-promovio-toro-ferrer-contra-expropiacion-de-ex-fabrica","status":"publish","type":"post","link":"https:\/\/zonaroja.com.mx\/?p=59342","title":{"rendered":"Dan rev\u00e9s a amparo que promovi\u00f3 Toro Ferrer contra expropiaci\u00f3n de ex f\u00e1brica"},"content":{"rendered":"\n<p>Ismael Garc\u00eda M.\/Zona Roja.<\/p>\n\n\n\n<p>Oaxaca de Ju\u00e1rez, Oax., a 31 de agosto de 2023.- El juez Cuarto de Distrito del Poder Judicial de la Federaci\u00f3n con sede en Oaxaca dio rev\u00e9s al amparo que promovi\u00f3 la se\u00f1ora Mar\u00eda Elena Medina L\u00f3pez, a trav\u00e9s de su apoderado legal Enrique Toro Ferrer, por la expropiaci\u00f3n que hizo el Gobierno del Estado de predios de la antigua f\u00e1brica de triplay.<\/p>\n\n\n\n<p>El pasado 21 de agosto, en conferencia de prensa, el gobernador Salom\u00f3n Jara Cruz dio a conocer la expropiaci\u00f3n, \u201cpor causa de utilidad p\u00fablica\u201d, de un pol\u00edgono de 11.84 hect\u00e1reas ubicado entre la carretera a Monte Alb\u00e1n y las riberas del r\u00edo \u201cAtoyac\u201d, jurisdicci\u00f3n de la agencia de San Mart\u00edn Mexic\u00e1pam, Oaxaca de Ju\u00e1rez, cuyo decreto fue publicado el 17 y 27 de julio anterior.<\/p>\n\n\n\n<p>El 24 de agosto, tras acudir al Palacio de Gobierno, el abogado Enrique Toro Ferrer declar\u00f3 a los medios de comunicaci\u00f3n que interpondr\u00eda a nombre de sus representados un amparo en contra de dichos decretos de expropiaci\u00f3n.<\/p>\n\n\n\n<p>En ese entonces, asegur\u00f3 que su intenci\u00f3n no es confrontarse con el actual gobierno, sino que se entable una mesa de negociaci\u00f3n a efecto de que sus tres representados reciban una indemnizaci\u00f3n justa.<\/p>\n\n\n\n<p>No obstante, el juzgador federal consider\u00f3 que el amparo fue interpuesto fuera del plazo legal.<\/p>\n\n\n\n<p>\u201cEn atenci\u00f3n a lo anterior, con fundamento en el art\u00edculo 113 de la Ley de Amparo, se DESECHA de plano la demanda de cuenta, ante un motivo manifiesto e indudable de su procedencia\u201d, detall\u00f3 en la resoluci\u00f3n dada a conocer ayer.<\/p>\n\n\n\n<p>La resoluci\u00f3n fue por parte del juez V\u00edctor Manuel Jaimes Morelos, titular del Juzgado Cuarto de Distrito en el estado de Oaxaca, con sede en San Bartolo Coyotepec.<\/p>\n","protected":false},"excerpt":{"rendered":"<p>Ismael Garc\u00eda M.\/Zona Roja. Oaxaca de Ju\u00e1rez, Oax., a 31 de agosto de 2023.- El&hellip;<\/p>\n","protected":false},"author":2,"featured_media":59343,"comment_status":"closed","ping_status":"open","sticky":false,"template":"","format":"standard","meta":{"_lmt_disableupdate":"","_lmt_disable":"","_jetpack_memberships_contains_paid_content":false,"footnotes":""},"categories":[109,47],"tags":[2665],"class_list":["post-59342","post","type-post","status-publish","format-standard","has-post-thumbnail","hentry","category-minuto-a-minuto","category-zona-gris","tag-enrique-toro-ferrer"],"jetpack_featured_media_url":"https:\/\/zonaroja.com.mx\/wp-content\/uploads\/2023\/08\/Amparo-Enrique-Toro-Ferrer.jpg","jetpack_sharing_enabled":true,"_links":{"self":[{"href":"https:\/\/zonaroja.com.mx\/index.php?rest_route=\/wp\/v2\/posts\/59342","targetHints":{"allow":["GET"]}}],"collection":[{"href":"https:\/\/zonaroja.com.mx\/index.php?rest_route=\/wp\/v2\/posts"}],"about":[{"href":"https:\/\/zonaroja.com.mx\/index.php?rest_route=\/wp\/v2\/types\/post"}],"author":[{"embeddable":true,"href":"https:\/\/zonaroja.com.mx\/index.php?rest_route=\/wp\/v2\/users\/2"}],"replies":[{"embeddable":true,"href":"https:\/\/zonaroja.com.mx\/index.php?rest_route=%2Fwp%2Fv2%2Fcomments&post=59342"}],"version-history":[{"count":1,"href":"https:\/\/zonaroja.com.mx\/index.php?rest_route=\/wp\/v2\/posts\/59342\/revisions"}],"predecessor-version":[{"id":59344,"href":"https:\/\/zonaroja.com.mx\/index.php?rest_route=\/wp\/v2\/posts\/59342\/revisions\/59344"}],"wp:featuredmedia":[{"embeddable":true,"href":"https:\/\/zonaroja.com.mx\/index.php?rest_route=\/wp\/v2\/media\/59343"}],"wp:attachment":[{"href":"https:\/\/zonaroja.com.mx\/index.php?rest_route=%2Fwp%2Fv2%2Fmedia&parent=59342"}],"wp:term":[{"taxonomy":"category","embeddable":true,"href":"https:\/\/zonaroja.com.mx\/index.php?rest_route=%2Fwp%2Fv2%2Fcategories&post=59342"},{"taxonomy":"post_tag","embeddable":true,"href":"https:\/\/zonaroja.com.mx\/index.php?rest_route=%2Fwp%2Fv2%2Ftags&post=59342"}],"curies":[{"name":"wp","href":"https:\/\/api.w.org\/{rel}","templated":true}]}}