{"id":59345,"date":"2023-08-31T19:14:22","date_gmt":"2023-09-01T00:14:22","guid":{"rendered":"http:\/\/www.zonaroja.com.mx\/?p=59345"},"modified":"2023-08-31T19:14:24","modified_gmt":"2023-09-01T00:14:24","slug":"taxistas-insisten-con-presiones-y-bloqueos-ahora-en-la-costa-y-la-mixteca","status":"publish","type":"post","link":"https:\/\/zonaroja.com.mx\/?p=59345","title":{"rendered":"Taxistas insisten con presiones y bloqueos, ahora en la Costa y la Mixteca"},"content":{"rendered":"\n<p>Yuridiana Sosa\/Zona Roja.<\/p>\n\n\n\n<p>Oaxaca de Ju\u00e1rez, Oax., a 31 de agosto de 2023.- Las diversas exigencias hacia el gobierno de Oaxaca continuaron este jueves por diversas organizaciones en diferentes zonas del estado a trav\u00e9s de bloqueos, afectando a miles de personas.<\/p>\n\n\n\n<p>Los cierres carreteros se registraron en la regi\u00f3n Costa y en la Mixteca, donde se registraron dos puntos de afectaci\u00f3n.<\/p>\n\n\n\n<p>Desde primera hora, la organizaci\u00f3n \u201c23 de Octubre\u201d instal\u00f3 un bloqueo en la supercarretera Oaxaca-Cuacnopalan, a la altura de Asunci\u00f3n Nochixtl\u00e1n, para denunciar supuestas irregularidades por parte de autoridades y representantes agrarios.<\/p>\n\n\n\n<p>Los campesinos exigen atenci\u00f3n de la Procuradur\u00eda Agraria, para que realice una auditor\u00eda al titular del Comisariado de Bienes Comunales de Asunci\u00f3n Nochixtl\u00e1n, Fernando Ram\u00edrez Jimenez.<\/p>\n\n\n\n<p>Adem\u00e1s, demandaron a la Fiscal\u00eda de Oaxaca investigaciones contra el presidente del Comisariado, por las presuntas amenazas en contra de los l\u00edderes.<\/p>\n\n\n\n<p>En otro punto de la regi\u00f3n Mixteca, en carretera federal 190 Huajuapan-Oaxaca, a la altura de la desviaci\u00f3n al municipio de Tezoatl\u00e1n de Segura y Luna, el Frente Nacional Ind\u00edgena y Campesino (FNIC) bloque\u00f3 el paso, en respaldo a la manifestaci\u00f3n de la organizaci\u00f3n en la regi\u00f3n Costa.<\/p>\n\n\n\n<p>Decenas de afiliados a la FNIC cerraron vehicular el paso en la carretera 200, en inmediaciones de Pinotepa Nacional.<\/p>\n\n\n\n<p>Los manifestantes, de la comunidad de Pinotepa de Don Luis, exigieron esclarecimiento y justicia por el asesinato de uno de sus l\u00edderes, Arturo Pimentel Salas.<\/p>\n\n\n\n<p>El bloqueo fue temporal debido a que los representantes de la organizaci\u00f3n lograron una mesa de di\u00e1logo con las autoridades estatales, para atender su demanda, pero de no avanzar el caso en pr\u00f3ximas semanas volver\u00e1 a realizar protestas, advirtieron.&nbsp;<\/p>\n","protected":false},"excerpt":{"rendered":"<p>Yuridiana Sosa\/Zona Roja. Oaxaca de Ju\u00e1rez, Oax., a 31 de agosto de 2023.- Las diversas&hellip;<\/p>\n","protected":false},"author":2,"featured_media":59346,"comment_status":"closed","ping_status":"open","sticky":false,"template":"","format":"standard","meta":{"_lmt_disableupdate":"","_lmt_disable":"","_jetpack_memberships_contains_paid_content":false,"footnotes":""},"categories":[109,47],"tags":[2264],"class_list":["post-59345","post","type-post","status-publish","format-standard","has-post-thumbnail","hentry","category-minuto-a-minuto","category-zona-gris","tag-bloqueos-y-protestas-oaxaca"],"jetpack_featured_media_url":"https:\/\/zonaroja.com.mx\/wp-content\/uploads\/2023\/08\/Bloqueos-taxistas-Costa-y-Mixteca-FNIC.jpg","jetpack_sharing_enabled":true,"_links":{"self":[{"href":"https:\/\/zonaroja.com.mx\/index.php?rest_route=\/wp\/v2\/posts\/59345","targetHints":{"allow":["GET"]}}],"collection":[{"href":"https:\/\/zonaroja.com.mx\/index.php?rest_route=\/wp\/v2\/posts"}],"about":[{"href":"https:\/\/zonaroja.com.mx\/index.php?rest_route=\/wp\/v2\/types\/post"}],"author":[{"embeddable":true,"href":"https:\/\/zonaroja.com.mx\/index.php?rest_route=\/wp\/v2\/users\/2"}],"replies":[{"embeddable":true,"href":"https:\/\/zonaroja.com.mx\/index.php?rest_route=%2Fwp%2Fv2%2Fcomments&post=59345"}],"version-history":[{"count":1,"href":"https:\/\/zonaroja.com.mx\/index.php?rest_route=\/wp\/v2\/posts\/59345\/revisions"}],"predecessor-version":[{"id":59347,"href":"https:\/\/zonaroja.com.mx\/index.php?rest_route=\/wp\/v2\/posts\/59345\/revisions\/59347"}],"wp:featuredmedia":[{"embeddable":true,"href":"https:\/\/zonaroja.com.mx\/index.php?rest_route=\/wp\/v2\/media\/59346"}],"wp:attachment":[{"href":"https:\/\/zonaroja.com.mx\/index.php?rest_route=%2Fwp%2Fv2%2Fmedia&parent=59345"}],"wp:term":[{"taxonomy":"category","embeddable":true,"href":"https:\/\/zonaroja.com.mx\/index.php?rest_route=%2Fwp%2Fv2%2Fcategories&post=59345"},{"taxonomy":"post_tag","embeddable":true,"href":"https:\/\/zonaroja.com.mx\/index.php?rest_route=%2Fwp%2Fv2%2Ftags&post=59345"}],"curies":[{"name":"wp","href":"https:\/\/api.w.org\/{rel}","templated":true}]}}