{"id":59348,"date":"2023-08-31T20:25:51","date_gmt":"2023-09-01T01:25:51","guid":{"rendered":"http:\/\/www.zonaroja.com.mx\/?p=59348"},"modified":"2023-08-31T20:25:53","modified_gmt":"2023-09-01T01:25:53","slug":"cae-oaxaca-en-ocupacion-y-empleo-durante-julio-inegi","status":"publish","type":"post","link":"https:\/\/zonaroja.com.mx\/?p=59348","title":{"rendered":"Cae Oaxaca en ocupaci\u00f3n y empleo durante julio: Inegi\u00a0"},"content":{"rendered":"\n<p>Yuridiana Sosa\/Zona Roja.<\/p>\n\n\n\n<p>Oaxaca de Ju\u00e1rez, Oax., a 31 de agosto de 2023.- De acuerdo con la Encuesta Nacional de\u00a0Ocupaci\u00f3n\u00a0y\u00a0Empleo\u00a0(ENOE), Oaxaca redujo su Poblaci\u00f3n Econ\u00f3micamente Activa (PEA) durante el mes de julio, en comparaci\u00f3n al mismo periodo de 2022 y a junio de este a\u00f1o.<\/p>\n\n\n\n<p>Oaxaca se posicion\u00f3 en julio como la quinta entidad en su poblaci\u00f3n ocupada, con el 98 por ciento, rebasado por Guerrero con 98.7 por ciento, seguido de Campeche con 98.6; Morelos, 98.4; Veracruz, 98.1 y empatado con Baja California con 98 por ciento.<\/p>\n\n\n\n<p>El porcentaje actual representa una ca\u00edda para Oaxaca en esta categor\u00eda, luego que en junio pasado ocup\u00f3 el primer lugar con el 99.2 por ciento de ocupaci\u00f3n laboral.&nbsp; As\u00ed tambi\u00e9n, represent\u00f3 una baja respecto a julio de 2022, cuando la entidad oaxaque\u00f1a registr\u00f3 un total de 98.8 por ciento de la poblaci\u00f3n ocupada, de la poblaci\u00f3n econ\u00f3micamente activa.&nbsp;<\/p>\n\n\n\n<p>Los altos niveles para la entidad oaxaque\u00f1a, en este sentido, tambi\u00e9n se presentaron en el mes de febrero a trav\u00e9s de la Encuesta Nacional de&nbsp;Ocupaci\u00f3n&nbsp;y&nbsp;Empleo, Nueva Edici\u00f3n (ENOEN) que dio a conocer que Oaxaca ocup\u00f3 el primer lugar con el 99 por ciento de las personas econ\u00f3micamente activas, ocupadas.<\/p>\n\n\n\n<p>NACIONAL&nbsp;<\/p>\n\n\n\n<p>A nivel nacional, la Poblaci\u00f3n Econ\u00f3micamente Activa (PEA) subi\u00f3 en julio con relaci\u00f3n al mismo mes del a\u00f1o pasado, con 61.4 millones de personas, 1.9 millones m\u00e1s, lo que implica una tasa actual de participaci\u00f3n de 60.9 por ciento.<\/p>\n\n\n\n<p>La Poblaci\u00f3n No Econ\u00f3micamente Activa (PNEA) fue de 39.4 millones de personas, 193 mil personas menos que en el s\u00e9ptimo mes de 2022. En tanto que las personas subocupadas -las que declararon tener necesidad y disponibilidad para trabajar m\u00e1s horas- fueron 4.8 millones (8.1 por ciento de la poblaci\u00f3n ocupada), lo que signific\u00f3 un aumento de 53 mil personas con relaci\u00f3n a julio de 2022.&nbsp;<\/p>\n\n\n\n<p>Mientras que la poblaci\u00f3n desocupada fue de 1.9 millones de personas, que, respecto a julio de 2022, descendi\u00f3 en 122 mil personas.<\/p>\n","protected":false},"excerpt":{"rendered":"<p>Yuridiana Sosa\/Zona Roja. Oaxaca de Ju\u00e1rez, Oax., a 31 de agosto de 2023.- De acuerdo&hellip;<\/p>\n","protected":false},"author":2,"featured_media":13226,"comment_status":"closed","ping_status":"open","sticky":false,"template":"","format":"standard","meta":{"_lmt_disableupdate":"","_lmt_disable":"","_jetpack_memberships_contains_paid_content":false,"footnotes":""},"categories":[109,47],"tags":[1702],"class_list":["post-59348","post","type-post","status-publish","format-standard","has-post-thumbnail","hentry","category-minuto-a-minuto","category-zona-gris","tag-encuesta-nacional-de-ocupacion-y-empleo-enoe"],"jetpack_featured_media_url":"https:\/\/zonaroja.com.mx\/wp-content\/uploads\/2020\/06\/Desempleo-M\u00e9xico.jpg","jetpack_sharing_enabled":true,"_links":{"self":[{"href":"https:\/\/zonaroja.com.mx\/index.php?rest_route=\/wp\/v2\/posts\/59348","targetHints":{"allow":["GET"]}}],"collection":[{"href":"https:\/\/zonaroja.com.mx\/index.php?rest_route=\/wp\/v2\/posts"}],"about":[{"href":"https:\/\/zonaroja.com.mx\/index.php?rest_route=\/wp\/v2\/types\/post"}],"author":[{"embeddable":true,"href":"https:\/\/zonaroja.com.mx\/index.php?rest_route=\/wp\/v2\/users\/2"}],"replies":[{"embeddable":true,"href":"https:\/\/zonaroja.com.mx\/index.php?rest_route=%2Fwp%2Fv2%2Fcomments&post=59348"}],"version-history":[{"count":1,"href":"https:\/\/zonaroja.com.mx\/index.php?rest_route=\/wp\/v2\/posts\/59348\/revisions"}],"predecessor-version":[{"id":59349,"href":"https:\/\/zonaroja.com.mx\/index.php?rest_route=\/wp\/v2\/posts\/59348\/revisions\/59349"}],"wp:featuredmedia":[{"embeddable":true,"href":"https:\/\/zonaroja.com.mx\/index.php?rest_route=\/wp\/v2\/media\/13226"}],"wp:attachment":[{"href":"https:\/\/zonaroja.com.mx\/index.php?rest_route=%2Fwp%2Fv2%2Fmedia&parent=59348"}],"wp:term":[{"taxonomy":"category","embeddable":true,"href":"https:\/\/zonaroja.com.mx\/index.php?rest_route=%2Fwp%2Fv2%2Fcategories&post=59348"},{"taxonomy":"post_tag","embeddable":true,"href":"https:\/\/zonaroja.com.mx\/index.php?rest_route=%2Fwp%2Fv2%2Ftags&post=59348"}],"curies":[{"name":"wp","href":"https:\/\/api.w.org\/{rel}","templated":true}]}}