{"id":59353,"date":"2023-09-01T10:30:00","date_gmt":"2023-09-01T15:30:00","guid":{"rendered":"http:\/\/www.zonaroja.com.mx\/?p=59353"},"modified":"2023-09-01T08:32:43","modified_gmt":"2023-09-01T13:32:43","slug":"dos-meses-desoyen-los-sso-y-continua-paro-en-hospital-en-la-cuenca","status":"publish","type":"post","link":"https:\/\/zonaroja.com.mx\/?p=59353","title":{"rendered":"\u00a1Dos meses! Desoyen los SSO y contin\u00faa paro en hospital en la Cuenca"},"content":{"rendered":"\n<p>Yuridiana Sosa\/Zona Roja.<\/p>\n\n\n\n<p>Oaxaca de Ju\u00e1rez, Oax., a 31 de septiembre de 2023.- Los Servicios de Salud de Oaxaca (SSO) se mantienen omisos en la atenci\u00f3n de las demandas relacionadas al mantenimiento en el Hospital Comunitario de San Miguel Soyaltepec, en la Cuenca, por lo que contin\u00faa el paro iniciado hace dos meses.<\/p>\n\n\n\n<p>La protesta liderada por trabajadores de la Secci\u00f3n 35 del Sindicato Nacional de Trabajadores de Salud comenz\u00f3, de forma paulatina, a finales del mes de junio en busca de solventar la falta de agua potable en la red, fallas en la energ\u00eda el\u00e9ctrica y filtraciones.<\/p>\n\n\n\n<p>Sin embargo, Servicios de Salud de Oaxaca que dirige Alma Lilia Velasco desoyen la exigencia que no s\u00f3lo mantiene el paro de labores, sino la desatenci\u00f3n m\u00e9dica para cientos de pobladores.<\/p>\n\n\n\n<p>En los \u00faltimos d\u00edas la situaci\u00f3n empeor\u00f3 con la suspensi\u00f3n tambi\u00e9n en el servicio de urgencias por las graves carencias para atender a los enfermos con las m\u00ednimas condiciones, y medida de presi\u00f3n para las autoridades.<\/p>\n\n\n\n<p>El personal m\u00e9dico y poblaci\u00f3n exigen a las autoridades la urgente atenci\u00f3n a las necesidades b\u00e1sicas para el funcionamiento del nosocomio, pues el hospital m\u00e1s cercano, a m\u00e1s de una hora para la poblaci\u00f3n de la cabecera municipal, es el ubicado en San Juan Bautista Tuxtepec.<\/p>\n\n\n\n<p>Pero existen decenas de comunidades m\u00e1s alejadas que les ser\u00eda m\u00e1s costoso el traslado a dicho municipio.&nbsp;<\/p>\n\n\n\n<p>Una situaci\u00f3n similar ocurri\u00f3 en semanas recientes en el nosocomio principal ubicado en Tuxtepec, por lo cual la titular de Salud tuvo que acudir personalmente la demanda de los trabajadores, lo cual no ha ocurrido en el caso de Soyaltepec.<\/p>\n","protected":false},"excerpt":{"rendered":"<p>Yuridiana Sosa\/Zona Roja. Oaxaca de Ju\u00e1rez, Oax., a 31 de septiembre de 2023.- Los Servicios&hellip;<\/p>\n","protected":false},"author":2,"featured_media":59354,"comment_status":"closed","ping_status":"open","sticky":false,"template":"","format":"standard","meta":{"_lmt_disableupdate":"","_lmt_disable":"","_jetpack_memberships_contains_paid_content":false,"footnotes":""},"categories":[109,47],"tags":[1037,1005],"class_list":["post-59353","post","type-post","status-publish","format-standard","has-post-thumbnail","hentry","category-minuto-a-minuto","category-zona-gris","tag-san-miguel-soyaltepec","tag-servicios-de-salud-de-oaxaca-sso"],"jetpack_featured_media_url":"https:\/\/zonaroja.com.mx\/wp-content\/uploads\/2023\/08\/Hospital-de-SSO-Soyaltepec-Oaxaca.png","jetpack_sharing_enabled":true,"_links":{"self":[{"href":"https:\/\/zonaroja.com.mx\/index.php?rest_route=\/wp\/v2\/posts\/59353","targetHints":{"allow":["GET"]}}],"collection":[{"href":"https:\/\/zonaroja.com.mx\/index.php?rest_route=\/wp\/v2\/posts"}],"about":[{"href":"https:\/\/zonaroja.com.mx\/index.php?rest_route=\/wp\/v2\/types\/post"}],"author":[{"embeddable":true,"href":"https:\/\/zonaroja.com.mx\/index.php?rest_route=\/wp\/v2\/users\/2"}],"replies":[{"embeddable":true,"href":"https:\/\/zonaroja.com.mx\/index.php?rest_route=%2Fwp%2Fv2%2Fcomments&post=59353"}],"version-history":[{"count":2,"href":"https:\/\/zonaroja.com.mx\/index.php?rest_route=\/wp\/v2\/posts\/59353\/revisions"}],"predecessor-version":[{"id":59358,"href":"https:\/\/zonaroja.com.mx\/index.php?rest_route=\/wp\/v2\/posts\/59353\/revisions\/59358"}],"wp:featuredmedia":[{"embeddable":true,"href":"https:\/\/zonaroja.com.mx\/index.php?rest_route=\/wp\/v2\/media\/59354"}],"wp:attachment":[{"href":"https:\/\/zonaroja.com.mx\/index.php?rest_route=%2Fwp%2Fv2%2Fmedia&parent=59353"}],"wp:term":[{"taxonomy":"category","embeddable":true,"href":"https:\/\/zonaroja.com.mx\/index.php?rest_route=%2Fwp%2Fv2%2Fcategories&post=59353"},{"taxonomy":"post_tag","embeddable":true,"href":"https:\/\/zonaroja.com.mx\/index.php?rest_route=%2Fwp%2Fv2%2Ftags&post=59353"}],"curies":[{"name":"wp","href":"https:\/\/api.w.org\/{rel}","templated":true}]}}