{"id":59356,"date":"2023-09-01T08:07:02","date_gmt":"2023-09-01T13:07:02","guid":{"rendered":"http:\/\/www.zonaroja.com.mx\/?p=59356"},"modified":"2023-09-01T08:07:03","modified_gmt":"2023-09-01T13:07:03","slug":"sentencia-a-30-anos-de-prision-a-asesino-de-dirigente-del-mult","status":"publish","type":"post","link":"https:\/\/zonaroja.com.mx\/?p=59356","title":{"rendered":"Sentencia a 30 a\u00f1os de prisi\u00f3n a asesino de dirigente del MULT"},"content":{"rendered":"\n<p>Redacci\u00f3n\/Zona Roja.&nbsp;<\/p>\n\n\n\n<p>Oaxaca de Ju\u00e1rez, Oax., a 1 de septiembre de 2023.-&nbsp;La Fiscal\u00eda General del Estado de Oaxaca (FGEO) obtuvo una sentencia condenatoria de 30 a\u00f1os de prisi\u00f3n contra de J.R.C., responsable del homicidio de la v\u00edctima identificada como G. A. M., quien era coordinador del Movimiento Unificador de Lucha Triqui (MULT ) en Santiago Juxtlahuaca.<\/p>\n\n\n\n<p>Los hechos ocurrieron el 20 de noviembre de 2020, cuando la v\u00edctima se encontraba al lado de su veh\u00edculo en la calle Progreso Poniente, de la colonia Santa Cruz, cuando fue interceptado por sujetos que dispararon en su contra.<\/p>\n\n\n\n<p>La FGEO intervino a trav\u00e9s de la Vicefiscal\u00eda Regional de la Mixteca que realiz\u00f3 las investigaciones cuyos resultados permitieron la obtenci\u00f3n de una orden de aprehensi\u00f3n que fue ejecutada por elementos de la Agencia Estatal de Investigaciones (AEI).<\/p>\n\n\n\n<p>Luego de presentar las pruebas en torno al caso, el Juez las evalu\u00f3 y dict\u00f3 sentencia condenatoria de 30 a\u00f1os de prisi\u00f3n en contra de J. R. C., adem\u00e1s que impuso el pago de m\u00e1s de 434 mil pesos por reparaci\u00f3n del da\u00f1o.<\/p>\n\n\n\n<p>La resoluci\u00f3n de casos de alto impacto por parte de la Fiscal\u00eda de Oaxaca favorece al fortalecimiento de la estrategia de seguridad en el estado para garantizar la paz social en todas las regiones.<\/p>\n\n\n\n<p>OTRO SENTENCIADO<\/p>\n\n\n\n<p>En otro caso, el trabajo con perspectiva de g\u00e9nero que realiza la Fiscal\u00eda General del Estado, a trav\u00e9s de equipos especializados, dio como resultado la obtenci\u00f3n de una sentencia condenatoria en contra de una persona del sexo masculino identificada como A. C. J., por su responsabilidad en la comisi\u00f3n del delito de Abuso Sexual Agravado.<\/p>\n\n\n\n<p>De acuerdo con el expediente penal, los hechos ocurrieron en diferentes fechas de mayo de 2017, cuando la v\u00edctima (una adolescente cuya identidad est\u00e1 reservada por la Ley), al encontrarse en su domicilio, fue agredida por A.C.J.<\/p>\n\n\n\n<p>Ante ello, acudi\u00f3 a denunciar los hechos ante la Fiscal\u00eda, que realiz\u00f3 las investigaciones al respecto a trav\u00e9s de la Vicefiscal\u00eda Regional de la Costa.<\/p>\n\n\n\n<p>Luego que la FGEO present\u00f3 s\u00f3lidas pruebas en contra del imputado, el Juez que atiende la causa dict\u00f3 sentencia condenatoria en contra de A. C. J., quien tendr\u00e1 que compurgar una pena de dos a\u00f1os en prisi\u00f3n, adem\u00e1s que se le impuso el pago por la reparaci\u00f3n del da\u00f1o.<\/p>\n\n\n\n<p>VINCULADO A PROCESO&nbsp;<\/p>\n\n\n\n<p>En un caso diferente, la Fiscal\u00eda obtuvo auto de vinculaci\u00f3n a proceso en contra de T. B. G., por el delito de Abuso Sexual Agravado cometido en la regi\u00f3n de la Costa.<\/p>\n\n\n\n<p>Los hechos ocurrieron el 7 de febrero de 2023 cuando la v\u00edctima, una menor de edad, fue agredida sexualmente, por lo que la Fiscal\u00eda de Oaxaca tom\u00f3 conocimiento, logrando la aprehensi\u00f3n del imputado, que fue llevado ante un Juez que dict\u00f3 auto de vinculaci\u00f3n de proceso e impuso prisi\u00f3n preventiva como medida cautelar.<\/p>\n\n\n\n<p>La investigaci\u00f3n de delitos cometidos contra mujeres son prioridad en la agenda de trabajo de la Fiscal\u00eda General del Estado de Oaxaca, que cuenta con equipos especializados que trabajan para que las v\u00edctimas tengan pleno acceso a la justicia.<\/p>\n","protected":false},"excerpt":{"rendered":"<p>Redacci\u00f3n\/Zona Roja.&nbsp; Oaxaca de Ju\u00e1rez, Oax., a 1 de septiembre de 2023.-&nbsp;La Fiscal\u00eda General del&hellip;<\/p>\n","protected":false},"author":2,"featured_media":18328,"comment_status":"closed","ping_status":"open","sticky":false,"template":"","format":"standard","meta":{"_lmt_disableupdate":"","_lmt_disable":"","_jetpack_memberships_contains_paid_content":false,"footnotes":""},"categories":[109,46],"tags":[494],"class_list":["post-59356","post","type-post","status-publish","format-standard","has-post-thumbnail","hentry","category-minuto-a-minuto","category-zona-blanca","tag-fiscalia-general-del-estado-de-oaxaca"],"jetpack_featured_media_url":"https:\/\/zonaroja.com.mx\/wp-content\/uploads\/2020\/10\/Sala-de-Juicio-Oral.jpg","jetpack_sharing_enabled":true,"_links":{"self":[{"href":"https:\/\/zonaroja.com.mx\/index.php?rest_route=\/wp\/v2\/posts\/59356","targetHints":{"allow":["GET"]}}],"collection":[{"href":"https:\/\/zonaroja.com.mx\/index.php?rest_route=\/wp\/v2\/posts"}],"about":[{"href":"https:\/\/zonaroja.com.mx\/index.php?rest_route=\/wp\/v2\/types\/post"}],"author":[{"embeddable":true,"href":"https:\/\/zonaroja.com.mx\/index.php?rest_route=\/wp\/v2\/users\/2"}],"replies":[{"embeddable":true,"href":"https:\/\/zonaroja.com.mx\/index.php?rest_route=%2Fwp%2Fv2%2Fcomments&post=59356"}],"version-history":[{"count":1,"href":"https:\/\/zonaroja.com.mx\/index.php?rest_route=\/wp\/v2\/posts\/59356\/revisions"}],"predecessor-version":[{"id":59357,"href":"https:\/\/zonaroja.com.mx\/index.php?rest_route=\/wp\/v2\/posts\/59356\/revisions\/59357"}],"wp:featuredmedia":[{"embeddable":true,"href":"https:\/\/zonaroja.com.mx\/index.php?rest_route=\/wp\/v2\/media\/18328"}],"wp:attachment":[{"href":"https:\/\/zonaroja.com.mx\/index.php?rest_route=%2Fwp%2Fv2%2Fmedia&parent=59356"}],"wp:term":[{"taxonomy":"category","embeddable":true,"href":"https:\/\/zonaroja.com.mx\/index.php?rest_route=%2Fwp%2Fv2%2Fcategories&post=59356"},{"taxonomy":"post_tag","embeddable":true,"href":"https:\/\/zonaroja.com.mx\/index.php?rest_route=%2Fwp%2Fv2%2Ftags&post=59356"}],"curies":[{"name":"wp","href":"https:\/\/api.w.org\/{rel}","templated":true}]}}