{"id":59359,"date":"2023-09-01T09:30:00","date_gmt":"2023-09-01T14:30:00","guid":{"rendered":"http:\/\/www.zonaroja.com.mx\/?p=59359"},"modified":"2023-09-01T08:22:17","modified_gmt":"2023-09-01T13:22:17","slug":"suman-dos-asesinados-y-una-lesionada-de-bala-el-jueves-en-oaxaca","status":"publish","type":"post","link":"https:\/\/zonaroja.com.mx\/?p=59359","title":{"rendered":"Suman dos asesinados y una lesionada de bala el jueves en Oaxaca"},"content":{"rendered":"\n<p>Redacci\u00f3n\/Zona Roja.<\/p>\n\n\n\n<p>Oaxaca de Ju\u00e1rez, Oax., a 1 de septiembre de 2023.- A dos ascendi\u00f3 el n\u00famero de personas asesinadas el jueves en Oaxaca, adem\u00e1s de una mujer lesionada y un intento de linchamiento.<\/p>\n\n\n\n<p>Ayer por la tarde, en Santa Mar\u00eda Mixtequilla, municipio de la regi\u00f3n del Istmo de Tehuantepec, fue ejecutado a balazos un individuo.<\/p>\n\n\n\n<p>El cuerpo de la v\u00edctima, a\u00fan no identificada legalmente, fue hallado en un camino de terracer\u00eda que comunica a la agencia de San Luis Rey con Mixtequilla.<\/p>\n\n\n\n<p>En tanto, como Rafael A. G., de 22 a\u00f1os de edad, fue identificado el individuo asesinado a balazos ayer por la ma\u00f1ana en San Andr\u00e9s Huaxpaltepec, municipio de la regi\u00f3n Costa del estado.<\/p>\n\n\n\n<p>En tanto que como Leonor R. M., de 21 a\u00f1os de edad, fue identificada la esposa del hoy occiso, quien permanece en estado grave en un hospital de la zona.<\/p>\n\n\n\n<p>INTENTO DE LINCHAMIENTO<\/p>\n\n\n\n<p>Por otra parte, ayer por la tarde-noche, un sujeto estuvo a punto de ser linchado por parte de habitantes del barrio de Jalatlaco, en la ciudad de Oaxaca.<\/p>\n\n\n\n<p>Fue atrapado cuando junto con otro grupo de delincuentes abr\u00edan un coche en la calla Alianza esquina con Aldama; los dem\u00e1s lograron escapar.<\/p>\n\n\n\n<p>El presunto delincuente se identific\u00f3 como Jos\u00e9 Luis Luna L\u00f3pez y dijo tener su domicilio en el barrio El Polvo de la misma capital.<\/p>\n\n\n\n<p>Tras ser golpeado por los vecinos, le permitieron hacer una llamada telef\u00f3nica para regresar algunos art\u00edculos que sus c\u00f3mplices se llevaron del veh\u00edculo.<\/p>\n\n\n\n<p>M\u00e1s de 10 minutos tard\u00f3 en llegar la polic\u00eda municipal de Oaxaca de Ju\u00e1rez pero s\u00f3lo para rescatar al individuo y ponerlo a disposici\u00f3n del Ministerio P\u00fablico.<\/p>\n\n\n\n<p>El sujeto, de acuerdo con reportes policiacos, es identificado como \u201ccristalero\u201d de muchos a\u00f1os y ha tenido varios ingresos en prisi\u00f3n.<\/p>\n\n\n\n<p>UN LESIONADO DE BALA<\/p>\n\n\n\n<p>Por otra parte, esta ma\u00f1ana en Juchit\u00e1n de Zaragoza, esta ma\u00f1ana fue atacado a balazos un individuo, en c\u00e9ntrica calle de esa ciudad de la regi\u00f3n del Istmo de Tehuantepec.<\/p>\n\n\n\n<p>Dijo llamarse Ismael \u00abN\u00bb, de aproximadamente 25 a\u00f1os de edad, y tener su domicilio en el campo Santa Martha; fue trasladado por param\u00e9dicos a un hospital cercano y no hay pistas de los agresores.<\/p>\n","protected":false},"excerpt":{"rendered":"<p>Redacci\u00f3n\/Zona Roja. Oaxaca de Ju\u00e1rez, Oax., a 1 de septiembre de 2023.- A dos ascendi\u00f3&hellip;<\/p>\n","protected":false},"author":2,"featured_media":59360,"comment_status":"closed","ping_status":"open","sticky":false,"template":"","format":"standard","meta":{"_lmt_disableupdate":"","_lmt_disable":"","_jetpack_memberships_contains_paid_content":false,"footnotes":""},"categories":[109,51],"tags":[2138],"class_list":["post-59359","post","type-post","status-publish","format-standard","has-post-thumbnail","hentry","category-minuto-a-minuto","category-zona-roja","tag-santa-maria-mixtequilla"],"jetpack_featured_media_url":"https:\/\/zonaroja.com.mx\/wp-content\/uploads\/2023\/09\/Baleado-en-Juchitan-de-Zaragoza.jpg","jetpack_sharing_enabled":true,"_links":{"self":[{"href":"https:\/\/zonaroja.com.mx\/index.php?rest_route=\/wp\/v2\/posts\/59359","targetHints":{"allow":["GET"]}}],"collection":[{"href":"https:\/\/zonaroja.com.mx\/index.php?rest_route=\/wp\/v2\/posts"}],"about":[{"href":"https:\/\/zonaroja.com.mx\/index.php?rest_route=\/wp\/v2\/types\/post"}],"author":[{"embeddable":true,"href":"https:\/\/zonaroja.com.mx\/index.php?rest_route=\/wp\/v2\/users\/2"}],"replies":[{"embeddable":true,"href":"https:\/\/zonaroja.com.mx\/index.php?rest_route=%2Fwp%2Fv2%2Fcomments&post=59359"}],"version-history":[{"count":1,"href":"https:\/\/zonaroja.com.mx\/index.php?rest_route=\/wp\/v2\/posts\/59359\/revisions"}],"predecessor-version":[{"id":59361,"href":"https:\/\/zonaroja.com.mx\/index.php?rest_route=\/wp\/v2\/posts\/59359\/revisions\/59361"}],"wp:featuredmedia":[{"embeddable":true,"href":"https:\/\/zonaroja.com.mx\/index.php?rest_route=\/wp\/v2\/media\/59360"}],"wp:attachment":[{"href":"https:\/\/zonaroja.com.mx\/index.php?rest_route=%2Fwp%2Fv2%2Fmedia&parent=59359"}],"wp:term":[{"taxonomy":"category","embeddable":true,"href":"https:\/\/zonaroja.com.mx\/index.php?rest_route=%2Fwp%2Fv2%2Fcategories&post=59359"},{"taxonomy":"post_tag","embeddable":true,"href":"https:\/\/zonaroja.com.mx\/index.php?rest_route=%2Fwp%2Fv2%2Ftags&post=59359"}],"curies":[{"name":"wp","href":"https:\/\/api.w.org\/{rel}","templated":true}]}}