{"id":59362,"date":"2023-09-01T12:30:00","date_gmt":"2023-09-01T17:30:00","guid":{"rendered":"http:\/\/www.zonaroja.com.mx\/?p=59362"},"modified":"2023-09-01T08:28:52","modified_gmt":"2023-09-01T13:28:52","slug":"mujeres-presidiran-mesas-directiva-en-senado-y-en-camara-de-diputados","status":"publish","type":"post","link":"https:\/\/zonaroja.com.mx\/?p=59362","title":{"rendered":"Mujeres presidir\u00e1n mesas directiva en Senado y en C\u00e1mara de Diputados"},"content":{"rendered":"\n<p>Redacci\u00f3n\/Zona Roja Cdmx.<\/p>\n\n\n\n<p>Ciudad de M\u00e9xico, a 1 de septiembre de 2023.- Este jueves se renovaron las presidencias en la C\u00e1mara de Diputados y en el Senado de la Rep\u00fablica mexicanos para el tercer a\u00f1o de la 65 Legislatura.<\/p>\n\n\n\n<p>En el Palacio de San L\u00e1zaro, la pri\u00edsta Marcela Guerra&nbsp;fue ratificada como presidenta de la Mesa Directiva con 448 votos a favor, 4 en contra y 0 abstenciones. Quedaron en las vicepresidencias Karla Almaz\u00e1n (Morena), Joanna Torres (PAN) y Blanca Alcal\u00e1 (PRI).<\/p>\n\n\n\n<p>En el Senado de la Rep\u00fablica, la morenista Ana Lilia Rivera fue ratificada como presidenta de la Mesa Directiva con 75 votos a favor, el Pleno aval\u00f3 la integraci\u00f3n del \u00f3rgano de gobierno.<\/p>\n\n\n\n<p>La conformaci\u00f3n del Senado qued\u00f3 de la siguiente manera:<\/p>\n\n\n\n<p>Presidencia: Ana Lilia Rivera<\/p>\n\n\n\n<p>Vicepresidencias: Sergio P\u00e9rez Flores, Alejandra Reynoso y Ver\u00f3nica Delgadillo.<\/p>\n\n\n\n<p>Secretar\u00edas: Ver\u00f3nica Camino Farjat, Claudia Anaya, Martha M\u00e1rquez y Claudia Balderas.<\/p>\n\n\n\n<p>En la C\u00e1mara de Diputados la conformaci\u00f3n qued\u00f3 de la siguiente manera:<\/p>\n\n\n\n<p>Presidencia: Marcela Guerra<\/p>\n\n\n\n<p>Vicepresidentas: Karla Almaz\u00e1n, Joanna F. Torres y Blanca Alcal\u00e1.<\/p>\n\n\n\n<p>Secretar\u00edas: Brenda Espinoza, Diana Guti\u00e9rrez, Pedro V\u00e1zquez, Jessica Ortega y Olga Luz Espinosa.<\/p>\n\n\n\n<p>(Con informaci\u00f3n de L\u00f3pez-D\u00f3riga Digital)<\/p>\n","protected":false},"excerpt":{"rendered":"<p>Redacci\u00f3n\/Zona Roja Cdmx. Ciudad de M\u00e9xico, a 1 de septiembre de 2023.- Este jueves se&hellip;<\/p>\n","protected":false},"author":2,"featured_media":59363,"comment_status":"closed","ping_status":"open","sticky":false,"template":"","format":"standard","meta":{"_lmt_disableupdate":"","_lmt_disable":"","_jetpack_memberships_contains_paid_content":false,"footnotes":""},"categories":[109,46],"tags":[],"class_list":["post-59362","post","type-post","status-publish","format-standard","has-post-thumbnail","hentry","category-minuto-a-minuto","category-zona-blanca"],"jetpack_featured_media_url":"https:\/\/zonaroja.com.mx\/wp-content\/uploads\/2023\/09\/Mujeres-Senado-y-Camara-de-diputados.jpeg","jetpack_sharing_enabled":true,"_links":{"self":[{"href":"https:\/\/zonaroja.com.mx\/index.php?rest_route=\/wp\/v2\/posts\/59362","targetHints":{"allow":["GET"]}}],"collection":[{"href":"https:\/\/zonaroja.com.mx\/index.php?rest_route=\/wp\/v2\/posts"}],"about":[{"href":"https:\/\/zonaroja.com.mx\/index.php?rest_route=\/wp\/v2\/types\/post"}],"author":[{"embeddable":true,"href":"https:\/\/zonaroja.com.mx\/index.php?rest_route=\/wp\/v2\/users\/2"}],"replies":[{"embeddable":true,"href":"https:\/\/zonaroja.com.mx\/index.php?rest_route=%2Fwp%2Fv2%2Fcomments&post=59362"}],"version-history":[{"count":1,"href":"https:\/\/zonaroja.com.mx\/index.php?rest_route=\/wp\/v2\/posts\/59362\/revisions"}],"predecessor-version":[{"id":59364,"href":"https:\/\/zonaroja.com.mx\/index.php?rest_route=\/wp\/v2\/posts\/59362\/revisions\/59364"}],"wp:featuredmedia":[{"embeddable":true,"href":"https:\/\/zonaroja.com.mx\/index.php?rest_route=\/wp\/v2\/media\/59363"}],"wp:attachment":[{"href":"https:\/\/zonaroja.com.mx\/index.php?rest_route=%2Fwp%2Fv2%2Fmedia&parent=59362"}],"wp:term":[{"taxonomy":"category","embeddable":true,"href":"https:\/\/zonaroja.com.mx\/index.php?rest_route=%2Fwp%2Fv2%2Fcategories&post=59362"},{"taxonomy":"post_tag","embeddable":true,"href":"https:\/\/zonaroja.com.mx\/index.php?rest_route=%2Fwp%2Fv2%2Ftags&post=59362"}],"curies":[{"name":"wp","href":"https:\/\/api.w.org\/{rel}","templated":true}]}}