{"id":59365,"date":"2023-09-01T13:29:00","date_gmt":"2023-09-01T18:29:00","guid":{"rendered":"http:\/\/www.zonaroja.com.mx\/?p=59365"},"modified":"2023-09-01T08:31:58","modified_gmt":"2023-09-01T13:31:58","slug":"imparten-pjeo-y-sistema-dif-oaxaca-curso-de-lenguaje-de-senas-mexicana","status":"publish","type":"post","link":"https:\/\/zonaroja.com.mx\/?p=59365","title":{"rendered":"Imparten PJEO y\u00a0Sistema DIF Oaxaca\u00a0curso de Lenguaje de Se\u00f1as Mexicana"},"content":{"rendered":"\n<p>Redacci\u00f3n\/Zona Roja.<\/p>\n\n\n\n<p>Oaxaca de Ju\u00e1rez, Oax., a 1 de septiembre de 2023.- En su compromiso de colaborar en la construcci\u00f3n de una sociedad incluyente y&nbsp;como parte de las actividades de capacitaci\u00f3n y profesionalizaci\u00f3n para el buen desempe\u00f1o de las funciones de las y los servidores judiciales, el Poder Judicial del Estado a trav\u00e9s de la Escuela Judicial en coordinaci\u00f3n con la Procuradur\u00eda de la Defensa de las Personas con Discapacidad&nbsp;del Sistema DIF Oaxaca, iniciaron&nbsp;el curso \u201cLengua de Se\u00f1as Mexicana, nivel b\u00e1sico\u201d.<\/p>\n\n\n\n<p>El objetivo es&nbsp;sensibilizar a&nbsp;las y los participantes&nbsp;sobre&nbsp;la discapacidad auditiva, as\u00ed como ense\u00f1ar habilidades comunicativas a fin de establecer una interacci\u00f3n con personas Sordas, lo que contribuir\u00e1 a&nbsp;mejorar la calidad de atenci\u00f3n y evitar cualquier tipo de discriminaci\u00f3n en el servicio p\u00fablico.<\/p>\n\n\n\n<p>En la inauguraci\u00f3n del curso,&nbsp;el director de&nbsp;la Escuela judicial, H\u00e9ctor Humberto V\u00e1squez Quevedo,&nbsp;acompa\u00f1ado de la procuradora de la Defensa de las Personas con Discapacidad, Mar\u00eda Cristina Mart\u00ednez Tenorio,&nbsp;reconoci\u00f3 la&nbsp;disponibilidad y el esfuerzo&nbsp;de quienes buscan&nbsp;aprender este lenguaje y estar capacitados para atender debidamente a las personas que&nbsp;est\u00e1n en esta condici\u00f3n.&nbsp;<\/p>\n\n\n\n<p>Por su parte, al impartir&nbsp;el curso, la ponente Ver\u00f3nica Isabel Ju\u00e1rez Mart\u00ednez, destac\u00f3 la importancia de entender el lenguaje de se\u00f1as a fin de que las y los servidores judiciales puedan ayudar a las personas con discapacidad auditiva a defender sus derechos y proporcionarles el conocimiento legal adecuado para un mejor acceso a la justicia.<\/p>\n\n\n\n<p>Esta actividad en la que tambi\u00e9n estuvo presente la maestra Yadira Piedad Saavedra L\u00f3pez, directora de Periciales del Poder Judicial del Estado de Oaxaca, tendr\u00e1 una duraci\u00f3n de tres meses y contar\u00e1 con la participaci\u00f3n de 30 servidores y servidoras judiciales.&nbsp;<\/p>\n","protected":false},"excerpt":{"rendered":"<p>Redacci\u00f3n\/Zona Roja. Oaxaca de Ju\u00e1rez, Oax., a 1 de septiembre de 2023.- En su compromiso&hellip;<\/p>\n","protected":false},"author":2,"featured_media":59366,"comment_status":"closed","ping_status":"open","sticky":false,"template":"","format":"standard","meta":{"_lmt_disableupdate":"","_lmt_disable":"","_jetpack_memberships_contains_paid_content":false,"footnotes":""},"categories":[109,46],"tags":[223],"class_list":["post-59365","post","type-post","status-publish","format-standard","has-post-thumbnail","hentry","category-minuto-a-minuto","category-zona-blanca","tag-poder-judicial-de-oaxaca"],"jetpack_featured_media_url":"https:\/\/zonaroja.com.mx\/wp-content\/uploads\/2023\/09\/El-curso-tendra-una-duracion-de-tres-meses.jpg","jetpack_sharing_enabled":true,"_links":{"self":[{"href":"https:\/\/zonaroja.com.mx\/index.php?rest_route=\/wp\/v2\/posts\/59365","targetHints":{"allow":["GET"]}}],"collection":[{"href":"https:\/\/zonaroja.com.mx\/index.php?rest_route=\/wp\/v2\/posts"}],"about":[{"href":"https:\/\/zonaroja.com.mx\/index.php?rest_route=\/wp\/v2\/types\/post"}],"author":[{"embeddable":true,"href":"https:\/\/zonaroja.com.mx\/index.php?rest_route=\/wp\/v2\/users\/2"}],"replies":[{"embeddable":true,"href":"https:\/\/zonaroja.com.mx\/index.php?rest_route=%2Fwp%2Fv2%2Fcomments&post=59365"}],"version-history":[{"count":1,"href":"https:\/\/zonaroja.com.mx\/index.php?rest_route=\/wp\/v2\/posts\/59365\/revisions"}],"predecessor-version":[{"id":59367,"href":"https:\/\/zonaroja.com.mx\/index.php?rest_route=\/wp\/v2\/posts\/59365\/revisions\/59367"}],"wp:featuredmedia":[{"embeddable":true,"href":"https:\/\/zonaroja.com.mx\/index.php?rest_route=\/wp\/v2\/media\/59366"}],"wp:attachment":[{"href":"https:\/\/zonaroja.com.mx\/index.php?rest_route=%2Fwp%2Fv2%2Fmedia&parent=59365"}],"wp:term":[{"taxonomy":"category","embeddable":true,"href":"https:\/\/zonaroja.com.mx\/index.php?rest_route=%2Fwp%2Fv2%2Fcategories&post=59365"},{"taxonomy":"post_tag","embeddable":true,"href":"https:\/\/zonaroja.com.mx\/index.php?rest_route=%2Fwp%2Fv2%2Ftags&post=59365"}],"curies":[{"name":"wp","href":"https:\/\/api.w.org\/{rel}","templated":true}]}}