{"id":59377,"date":"2023-09-01T17:31:45","date_gmt":"2023-09-01T22:31:45","guid":{"rendered":"http:\/\/www.zonaroja.com.mx\/?p=59377"},"modified":"2023-09-01T17:31:46","modified_gmt":"2023-09-01T22:31:46","slug":"marcha-seccion-22-de-snte-en-cdmx-y-deja-sin-clases-a-miles-de-estudiantes","status":"publish","type":"post","link":"https:\/\/zonaroja.com.mx\/?p=59377","title":{"rendered":"Marcha Secci\u00f3n 22 de SNTE en Cdmx y deja sin clases a miles de estudiantes"},"content":{"rendered":"\n<p>Yuridiana Sosa\/Zona Roja.<\/p>\n\n\n\n<p>Oaxaca de Ju\u00e1rez, Oax., a 1 septiembre de 2023.- Sin cumplir la primera semana de clases completa, la Secci\u00f3n 22 del Sindicato Nacional de Trabajadores de la Educaci\u00f3n (SNTE) dej\u00f3 sin clases a miles de estudiantes, para participar en la marcha masiva nacional de la CNTE en la Ciudad de M\u00e9xico.<\/p>\n\n\n\n<p>La gremial de Oaxaca cumpli\u00f3 con la actividad programada por la Coordinadora Nacional de Trabajadores de la Educaci\u00f3n (CNTE) para exigir el cumplimiento de sus demandas al gobierno de M\u00e9xico y al Poder Legislativo a nivel nacional.<\/p>\n\n\n\n<p>Los trabajadores de la educaci\u00f3n se movilizaron en el marco del inicio de sesiones del Congreso General, este 1 de septiembre, correspondiente al tercer a\u00f1o de Ejercicio de la LXV Legislatura, a quien exigen la no aprobaci\u00f3n de nuevas reformas educativas enviadas por el Presidente Andr\u00e9s Manuel L\u00f3pez Obrador y abrogaci\u00f3n de reformas anteriores. <\/p>\n\n\n\n<p>Durante el en encuentro de los secretarios Generales, la dirigente de la Secci\u00f3n 22 del SNTE, Yenny Aracely P\u00e9rez Mart\u00ednez, demand\u00f3 al Poder Legislativo la cancelaci\u00f3n de la actual reforma educativa que plantea el traslado de la Direcci\u00f3n General de Educaci\u00f3n Ind\u00edgenas Intercultural y Biling\u00fce de la Secretar\u00eda de Educaci\u00f3n P\u00fablica al al Instituto Nacional de los Pueblos Ind\u00edgenas.<\/p>\n\n\n\n<p>\u201cEsta jornada unificada debe lograr que realmente se elimine esta iniciativa que lacera los derechos laborales de los maestros, la ni\u00f1ez y a los pueblos originarios, no solo de Oaxaca, sino en todo el pa\u00eds\u201d.&nbsp;<\/p>\n\n\n\n<p>Record\u00f3 que la Jornada Nacional Unitaria de Lucha de la CNTE inici\u00f3&nbsp;el 15 de mayo&nbsp;en demanda a respuestas a sus diversas necesidades, y con esta marcha se retoma el movimiento, \u201cpues la lucha en las calles ha demostrado el respeto a las exigencias a una educaci\u00f3n p\u00fablica\u201d.<\/p>\n\n\n\n<p>Entre otra de las exigencias que la CNTE plantea en esta jornada es la abrogaci\u00f3n a la Reforma Educativa que plantea al Unidad del Sistema para la Carrera de las Maestros y Maestros (Usicamm) como la \u00fanica v\u00eda para la contrataci\u00f3n directa de docentes.<\/p>\n\n\n\n<p>As\u00ed como la abrogaci\u00f3n a la Ley del ISSSTE y la reinstalaci\u00f3n de la mesa de di\u00e1logo entre la comisi\u00f3n \u00fanica nacional negociadora con el presidente L\u00f3pez Obrador. <\/p>\n\n\n\n<figure class=\"wp-block-embed\"><div class=\"wp-block-embed__wrapper\">\nhttps:\/\/x.com\/zonaroja_oaxaca\/status\/1697719332464447569?s=46&#038;t=NSC9DgVZqVgwfDd_PrV_LQ\n<\/div><\/figure>\n","protected":false},"excerpt":{"rendered":"<p>Yuridiana Sosa\/Zona Roja. Oaxaca de Ju\u00e1rez, Oax., a 1 septiembre de 2023.- Sin cumplir la&hellip;<\/p>\n","protected":false},"author":2,"featured_media":59376,"comment_status":"closed","ping_status":"open","sticky":false,"template":"","format":"standard","meta":{"_lmt_disableupdate":"","_lmt_disable":"","_jetpack_memberships_contains_paid_content":false,"footnotes":""},"categories":[109,47],"tags":[],"class_list":["post-59377","post","type-post","status-publish","format-standard","has-post-thumbnail","hentry","category-minuto-a-minuto","category-zona-gris"],"jetpack_featured_media_url":"https:\/\/zonaroja.com.mx\/wp-content\/uploads\/2023\/09\/img_0273.jpg","jetpack_sharing_enabled":true,"_links":{"self":[{"href":"https:\/\/zonaroja.com.mx\/index.php?rest_route=\/wp\/v2\/posts\/59377","targetHints":{"allow":["GET"]}}],"collection":[{"href":"https:\/\/zonaroja.com.mx\/index.php?rest_route=\/wp\/v2\/posts"}],"about":[{"href":"https:\/\/zonaroja.com.mx\/index.php?rest_route=\/wp\/v2\/types\/post"}],"author":[{"embeddable":true,"href":"https:\/\/zonaroja.com.mx\/index.php?rest_route=\/wp\/v2\/users\/2"}],"replies":[{"embeddable":true,"href":"https:\/\/zonaroja.com.mx\/index.php?rest_route=%2Fwp%2Fv2%2Fcomments&post=59377"}],"version-history":[{"count":1,"href":"https:\/\/zonaroja.com.mx\/index.php?rest_route=\/wp\/v2\/posts\/59377\/revisions"}],"predecessor-version":[{"id":59378,"href":"https:\/\/zonaroja.com.mx\/index.php?rest_route=\/wp\/v2\/posts\/59377\/revisions\/59378"}],"wp:featuredmedia":[{"embeddable":true,"href":"https:\/\/zonaroja.com.mx\/index.php?rest_route=\/wp\/v2\/media\/59376"}],"wp:attachment":[{"href":"https:\/\/zonaroja.com.mx\/index.php?rest_route=%2Fwp%2Fv2%2Fmedia&parent=59377"}],"wp:term":[{"taxonomy":"category","embeddable":true,"href":"https:\/\/zonaroja.com.mx\/index.php?rest_route=%2Fwp%2Fv2%2Fcategories&post=59377"},{"taxonomy":"post_tag","embeddable":true,"href":"https:\/\/zonaroja.com.mx\/index.php?rest_route=%2Fwp%2Fv2%2Ftags&post=59377"}],"curies":[{"name":"wp","href":"https:\/\/api.w.org\/{rel}","templated":true}]}}