{"id":59383,"date":"2023-09-01T20:34:37","date_gmt":"2023-09-02T01:34:37","guid":{"rendered":"http:\/\/www.zonaroja.com.mx\/?p=59383"},"modified":"2023-09-01T20:34:39","modified_gmt":"2023-09-02T01:34:39","slug":"mes-patrio-oportunidad-para-honrar-con-hechos-y-no-con-demagogia-inocente-castellanos","status":"publish","type":"post","link":"https:\/\/zonaroja.com.mx\/?p=59383","title":{"rendered":"Mes patrio, oportunidad para honrar con hechos y no con demagogia: Inocente Castellanos"},"content":{"rendered":"\n<p>Redacci\u00f3n\/Zona Roja.<\/p>\n\n\n\n<p>Oaxaca de Ju\u00e1rez, Oax., a 1 de septiembre de 2023.- \u201cCelebrar la libertad que nos legaron los h\u00e9roes de la Independencia, no es cuesti\u00f3n de demagogia y fiesta, honrar su memoria merece nuestra responsabilidad y compromiso para trabajar por los que menos tienen y sin distingo alguno\u201d, afirm\u00f3 el presidente municipal de Santa Cruz Xoxocotl\u00e1n, Inocente Castellanos Alejos, durante la ceremonia c\u00edvica con la que dieron inicio los festejos del Mes Patrio en esta comunidad.<\/p>\n\n\n\n<p>En un acto desarrollado en la explanada del parque central, el edil evoc\u00f3 el momento hist\u00f3rico que dio inicio a la Guerra de Independencia en M\u00e9xico hace 213 a\u00f1os y destac\u00f3 la participaci\u00f3n del comandante militar del ej\u00e9rcito mexicano, don Ignacio Allende.<\/p>\n\n\n\n<p>&nbsp;\u201cSin importar el tama\u00f1o de la ciudad o pueblo en donde nacen los hombres o las mujeres, ellos son finalmente del tama\u00f1o de su obra, del tama\u00f1o de su voluntad de engrandecer y enriquecer a sus hermanos, dec\u00eda el \u00e9tico militar que antepuso la libertad y vida de sus hermanos mexicanos a la propia; un hombre que sab\u00eda que la opresi\u00f3n, el cacicazgo, el ejercicio de poder mal empleado someten y condenan a la poblaci\u00f3n a la miseria\u201d, expuso el mun\u00edcipe.<\/p>\n\n\n\n<p>Ante un centenar de colaboradores, integrantes del Cabildo y ciudadanos que se dieron cita en el lugar, \u201cChente\u201d Castellanos llam\u00f3 al inter\u00e9s de los presentes y de la poblaci\u00f3n en general, para que, en un acto de justicia recuerden la gesta heroica de quienes dieron la vida por el M\u00e9xico libre del que hoy goza la poblaci\u00f3n, conocer los motivos que la provocaron y a partir de ello, tomar consciencia de la enorme proeza vivida por los independentistas que dieron ejemplo de amor a la Patria, a su pr\u00f3jimo y verdadero inter\u00e9s por la justicia.<\/p>\n\n\n\n<p>\u201cAquel que no conoce la historia de nuestro pa\u00eds, am\u00e9n de estar condenado a repetirla, desconoce el origen de la democracia, de las libertades y derechos que hoy nos asisten, de las obligaciones y responsabilidades que como ciudadanos tenemos; por ello y en su ignorancia, muchos abonan y apuestan al retroceso que condena al pueblo, una vez m\u00e1s, a vivir en el rezago, la pobreza y la inestabilidad social\u201d, dijo.<\/p>\n\n\n\n<figure class=\"wp-block-embed is-type-rich is-provider-twitter wp-block-embed-twitter\"><div class=\"wp-block-embed__wrapper\">\n<div class=\"twitter-tweet\"><blockquote class=\"twitter-tweet\" data-lang=\"es\"><p lang=\"es\" dir=\"ltr\">Para iniciar las actividades conmemorativas al Mes Patrio, el presidente municipal Dr. Chente Castellanos encabez\u00f3 la ceremonia de izamiento de la Bandera Nacional, acompa\u00f1ado de integrantes del Cabildo y personal del gobierno municipal. <a href=\"https:\/\/t.co\/ZaAVCVF2QH\">pic.twitter.com\/ZaAVCVF2QH<\/a><\/p>&mdash; H. Ayuntamiento de Santa Cruz Xoxocotl\u00e1n (@GobXoxocotlan) <a href=\"https:\/\/twitter.com\/GobXoxocotlan\/status\/1697673931514150916?ref_src=twsrc%5Etfw\">1 de septiembre de 2023<\/a><\/blockquote><\/div>\n<\/div><\/figure>\n\n\n\n<p>Castellanos Alejos afirm\u00f3, que en momentos de remembranza la demagogia se hace presente en los grandilocuentes discursos de honra para los ca\u00eddos en la Independencia, pero en los hechos, muchos olvidan que librar al pueblo de los yugos de la pobreza, la ignorancia y las malas condiciones de vida, requieren de acci\u00f3n y no de palabrer\u00eda, de disposici\u00f3n real de gobernar m\u00e1s all\u00e1 de los colores, de trabajar y no de utilizar los espacios que por voluntad del pueblo se tienen para restar en vez de sumar.<\/p>\n\n\n\n<p>En su mensaje, el primer concejal xoxe\u00f1o se\u00f1al\u00f3 tambi\u00e9n que en algunos sectores se olvida que las libertades tienen l\u00edmites, que no es libertad cuando un individuo se cree con el derecho a descalificar, denostar o se\u00f1alar sin fundamento, como tampoco lo es aprovechar el cargo que les otorgue el pueblo para abusar, saquear y robar en nombre del poder que consideran tener.<\/p>\n\n\n\n<p>\u201cHonrar a nuestros h\u00e9roes implica tomar su ejemplo de honestidad y deseo de construir una patria libre, ordenada y digna, pero no es empu\u00f1ando armas como antes, sino con acciones contundentes, con di\u00e1logo, inclusi\u00f3n, respeto a la diversidad, sin violencia y especialmente con honestidad, porque eso nos permite ver de frente al pueblo, porque no basta exigir, primero como buenas mexicanas y mexicanos debemos cumplir con nuestra familia, con nuestra comunidad, con nuestra Patria\u201d, expres\u00f3.<\/p>\n\n\n\n<p>\u201cChente\u201d Castellanos puntualiz\u00f3 que quien se dice mexicano, quien presume patriotismo es quien da ejemplo digno en la batalla diaria por mejorar sus condiciones de vida con apego a la ley, a la \u00e9tica y respeto hacia los dem\u00e1s, trabajando para que mejoren las condiciones de vida en sus entornos y para construir una patria mejor para todas y todos, pues como lo se\u00f1al\u00f3 Don Ignacio Allende: \u201csomos finalmente del tama\u00f1o de nuestra obra, de nuestra voluntad de engrandecer y enriquecer a nuestros hermanos\u201d.<\/p>\n","protected":false},"excerpt":{"rendered":"<p>Redacci\u00f3n\/Zona Roja. Oaxaca de Ju\u00e1rez, Oax., a 1 de septiembre de 2023.- \u201cCelebrar la libertad&hellip;<\/p>\n","protected":false},"author":2,"featured_media":59384,"comment_status":"closed","ping_status":"open","sticky":false,"template":"","format":"standard","meta":{"_lmt_disableupdate":"","_lmt_disable":"","_jetpack_memberships_contains_paid_content":false,"footnotes":""},"categories":[109,46],"tags":[133],"class_list":["post-59383","post","type-post","status-publish","format-standard","has-post-thumbnail","hentry","category-minuto-a-minuto","category-zona-blanca","tag-santa-cruz-xoxocotlan"],"jetpack_featured_media_url":"https:\/\/zonaroja.com.mx\/wp-content\/uploads\/2023\/09\/Santa-Cruz-Xoxocotlan-septiembre-mes-patrio.jpeg","jetpack_sharing_enabled":true,"_links":{"self":[{"href":"https:\/\/zonaroja.com.mx\/index.php?rest_route=\/wp\/v2\/posts\/59383","targetHints":{"allow":["GET"]}}],"collection":[{"href":"https:\/\/zonaroja.com.mx\/index.php?rest_route=\/wp\/v2\/posts"}],"about":[{"href":"https:\/\/zonaroja.com.mx\/index.php?rest_route=\/wp\/v2\/types\/post"}],"author":[{"embeddable":true,"href":"https:\/\/zonaroja.com.mx\/index.php?rest_route=\/wp\/v2\/users\/2"}],"replies":[{"embeddable":true,"href":"https:\/\/zonaroja.com.mx\/index.php?rest_route=%2Fwp%2Fv2%2Fcomments&post=59383"}],"version-history":[{"count":1,"href":"https:\/\/zonaroja.com.mx\/index.php?rest_route=\/wp\/v2\/posts\/59383\/revisions"}],"predecessor-version":[{"id":59385,"href":"https:\/\/zonaroja.com.mx\/index.php?rest_route=\/wp\/v2\/posts\/59383\/revisions\/59385"}],"wp:featuredmedia":[{"embeddable":true,"href":"https:\/\/zonaroja.com.mx\/index.php?rest_route=\/wp\/v2\/media\/59384"}],"wp:attachment":[{"href":"https:\/\/zonaroja.com.mx\/index.php?rest_route=%2Fwp%2Fv2%2Fmedia&parent=59383"}],"wp:term":[{"taxonomy":"category","embeddable":true,"href":"https:\/\/zonaroja.com.mx\/index.php?rest_route=%2Fwp%2Fv2%2Fcategories&post=59383"},{"taxonomy":"post_tag","embeddable":true,"href":"https:\/\/zonaroja.com.mx\/index.php?rest_route=%2Fwp%2Fv2%2Ftags&post=59383"}],"curies":[{"name":"wp","href":"https:\/\/api.w.org\/{rel}","templated":true}]}}