{"id":59389,"date":"2023-09-01T21:02:41","date_gmt":"2023-09-02T02:02:41","guid":{"rendered":"http:\/\/www.zonaroja.com.mx\/?p=59389"},"modified":"2023-09-01T21:02:42","modified_gmt":"2023-09-02T02:02:42","slug":"oaxaca-vive-un-movimiento-transformador-que-busca-liberarnos-de-las-cadenas-de-desigualdad","status":"publish","type":"post","link":"https:\/\/zonaroja.com.mx\/?p=59389","title":{"rendered":"\u201cOaxaca vive un movimiento transformador, que busca liberarnos de las cadenas de \u00a0desigualdad\u201d"},"content":{"rendered":"\n<p>Redacci\u00f3n\/Zona Roja.<\/p>\n\n\n\n<p>Oaxaca de Ju\u00e1rez, Oax., a 1 de septiembre de 2023.- Al encabezar la ceremonia c\u00edvica con motivo del programa \u2018Septiembre, mes de la Patria, mes de la primera transformaci\u00f3n&#8217;, el secretario de Administraci\u00f3n, Antonino Morales Toledo, llam\u00f3 a las y los oaxaque\u00f1os, a unirse a la transformaci\u00f3n que encabeza el mandatario Salom\u00f3n Jara Cruz, toda vez que impulsa la participaci\u00f3n ciudadana, la transparencia y la justicia social.<\/p>\n\n\n\n<p>Acompa\u00f1ado de &nbsp;la titular de la Secretar\u00eda de Educaci\u00f3n P\u00fablica, Delfina Guzm\u00e1n D\u00edaz; de la secretaria de Honestidad, Transparencia y Funci\u00f3n P\u00fablica, Leticia Reyes L\u00f3pez; de la secretaria del Medio Ambiente, Biodiversidad, Energ\u00eda y Sustentabilidad, Karime Hunda Harp, as\u00ed como del director general de la Polic\u00eda Vial Estatal, Toribio L\u00f3pez S\u00e1nchez, y tambi\u00e9n de funcionarios de las diferentes \u00e1reas de la administraci\u00f3n estatal, as\u00ed como estudiantes de la escuela primaria \u201cVicente Guerrero\u201d, el responsable de la pol\u00edtica administrativa estatal, se\u00f1al\u00f3 que al igual que en el inicio del movimiento de Independencia, hoy M\u00e9xico y Oaxaca, viven un movimiento transformador; que busca liberarnos de las cadenas de &nbsp;desigualdad, corrupci\u00f3n e injusticia.&nbsp;<\/p>\n\n\n\n<p>\u00abEn Oaxaca tambi\u00e9n se est\u00e1 viviendo un movimiento transformador con la llegada de la Primavera Oaxaque\u00f1a, &nbsp;encabezada por nuestro gobernador Salom\u00f3n Jara Cruz, que representa el florecer de la reparaci\u00f3n hist\u00f3rica de los pueblos originarios\u00bb, destac\u00f3.<\/p>\n\n\n\n<p>Morales Toledo pidi\u00f3 que mientras se recuerde la Independencia, miremos hacia adelante con esperanza y determinaci\u00f3n en esta nueva lucha por la transformaci\u00f3n que se construye por un M\u00e9xico en donde tengamos igualdad de oportunidades y una sociedad m\u00e1s equitativa.<\/p>\n\n\n\n<p>El secretario de Administraci\u00f3n, tambi\u00e9n invit\u00f3 a honrar la gran gesta hist\u00f3rica que simbolizan ideales y luchas hist\u00f3ricas por un mundo justo, igualitario y fraterno y que tambi\u00e9n son valores de este gobierno de la cuarta transformaci\u00f3n.<\/p>\n\n\n\n<figure class=\"wp-block-embed is-type-rich is-provider-twitter wp-block-embed-twitter\"><div class=\"wp-block-embed__wrapper\">\n<div class=\"twitter-tweet\"><blockquote class=\"twitter-tweet\" data-lang=\"es\"><p lang=\"es\" dir=\"ltr\">Continuando con las actividades que dan inicio a \u2018Septiembre, mes de la Patria, mes de la primera <a href=\"https:\/\/twitter.com\/hashtag\/transformaci%C3%B3n?src=hash&amp;ref_src=twsrc%5Etfw\">#transformaci\u00f3n<\/a>\u2019. Nos reunimos con toda la fuerza laboral de Ciudad Administrativa para un acto c\u00edvico que rindi\u00f3 honores a la lucha por nuestra <a href=\"https:\/\/twitter.com\/hashtag\/independencia?src=hash&amp;ref_src=twsrc%5Etfw\">#independencia<\/a>. <a href=\"https:\/\/t.co\/Ks0tTwGFjd\">pic.twitter.com\/Ks0tTwGFjd<\/a><\/p>&mdash; Antonino Morales Toledo (@Nino_Morales1) <a href=\"https:\/\/twitter.com\/Nino_Morales1\/status\/1697656905311646155?ref_src=twsrc%5Etfw\">1 de septiembre de 2023<\/a><\/blockquote><\/div>\n<\/div><\/figure>\n","protected":false},"excerpt":{"rendered":"<p>Redacci\u00f3n\/Zona Roja. Oaxaca de Ju\u00e1rez, Oax., a 1 de septiembre de 2023.- Al encabezar la&hellip;<\/p>\n","protected":false},"author":2,"featured_media":59390,"comment_status":"closed","ping_status":"open","sticky":false,"template":"","format":"standard","meta":{"_lmt_disableupdate":"","_lmt_disable":"","_jetpack_memberships_contains_paid_content":false,"footnotes":""},"categories":[109,46],"tags":[180],"class_list":["post-59389","post","type-post","status-publish","format-standard","has-post-thumbnail","hentry","category-minuto-a-minuto","category-zona-blanca","tag-antonino-morales-toledo"],"jetpack_featured_media_url":"https:\/\/zonaroja.com.mx\/wp-content\/uploads\/2023\/09\/Antonino-Morales-Administracion.jpeg","jetpack_sharing_enabled":true,"_links":{"self":[{"href":"https:\/\/zonaroja.com.mx\/index.php?rest_route=\/wp\/v2\/posts\/59389","targetHints":{"allow":["GET"]}}],"collection":[{"href":"https:\/\/zonaroja.com.mx\/index.php?rest_route=\/wp\/v2\/posts"}],"about":[{"href":"https:\/\/zonaroja.com.mx\/index.php?rest_route=\/wp\/v2\/types\/post"}],"author":[{"embeddable":true,"href":"https:\/\/zonaroja.com.mx\/index.php?rest_route=\/wp\/v2\/users\/2"}],"replies":[{"embeddable":true,"href":"https:\/\/zonaroja.com.mx\/index.php?rest_route=%2Fwp%2Fv2%2Fcomments&post=59389"}],"version-history":[{"count":1,"href":"https:\/\/zonaroja.com.mx\/index.php?rest_route=\/wp\/v2\/posts\/59389\/revisions"}],"predecessor-version":[{"id":59391,"href":"https:\/\/zonaroja.com.mx\/index.php?rest_route=\/wp\/v2\/posts\/59389\/revisions\/59391"}],"wp:featuredmedia":[{"embeddable":true,"href":"https:\/\/zonaroja.com.mx\/index.php?rest_route=\/wp\/v2\/media\/59390"}],"wp:attachment":[{"href":"https:\/\/zonaroja.com.mx\/index.php?rest_route=%2Fwp%2Fv2%2Fmedia&parent=59389"}],"wp:term":[{"taxonomy":"category","embeddable":true,"href":"https:\/\/zonaroja.com.mx\/index.php?rest_route=%2Fwp%2Fv2%2Fcategories&post=59389"},{"taxonomy":"post_tag","embeddable":true,"href":"https:\/\/zonaroja.com.mx\/index.php?rest_route=%2Fwp%2Fv2%2Ftags&post=59389"}],"curies":[{"name":"wp","href":"https:\/\/api.w.org\/{rel}","templated":true}]}}