{"id":59392,"date":"2023-09-01T21:37:21","date_gmt":"2023-09-02T02:37:21","guid":{"rendered":"http:\/\/www.zonaroja.com.mx\/?p=59392"},"modified":"2023-09-01T21:37:23","modified_gmt":"2023-09-02T02:37:23","slug":"juchitan-cada-vez-mas-violento-tres-ataques-armados-uno-frente-al-palacio","status":"publish","type":"post","link":"https:\/\/zonaroja.com.mx\/?p=59392","title":{"rendered":"Juchit\u00e1n cada vez m\u00e1s violento: tres ataques armados, uno frente al palacio"},"content":{"rendered":"\n<p>Redacci\u00f3n\/Zona Roja.<\/p>\n\n\n\n<p>Oaxaca de Ju\u00e1rez, Oax., a 1 de septiembre de 2023.- En menos de 24 horas, en Juchit\u00e1n de Zaragoza se registraron tres ataques armados, uno de ellos frente al palacio municipal, con saldo de una persona fallecida y dos m\u00e1s lesionadas.<\/p>\n\n\n\n<p>El m\u00e1s reciente hecho ocurri\u00f3 la ma\u00f1ana de hoy en un domicilio de la colonia Daniel L\u00f3pez Nelio de la S\u00e9ptima Secci\u00f3n, en que sujetos armados dieron muerte a una persona de nombre Juan Carlos S. G.<\/p>\n\n\n\n<p>Los presuntos sicarios lograron darse a la fuga a falta de vigilancia policiaca por parte del ayuntamiento que encabeza el morenista Miguel S\u00e1nchez Altamirano.<\/p>\n\n\n\n<p>Poco antes y tras una persecuci\u00f3n por varias calles, un elemento de la Polic\u00eda Auxiliar, Bancaria, Industrial y Comercial (PABIC) fue atacado a balazos en la calle 16 de Septiembre, frente al palacio municipal.<\/p>\n\n\n\n<p>No hab\u00eda uniformados en la zona por lo cual los agresores escaparon con facilidad, mientras que elementos del Heroico Cuerpo de Bomberos atendieron a Ismael M. L., de 25 a\u00f1os de edad, y lo trasladaron a un hospital.<\/p>\n\n\n\n<p>Mientras que anoche, cerca de un hotel de la colonia M\u00e1rtires 31 de Julio, ocurri\u00f3 otra agresi\u00f3n a balazos; un individuo identificado como Emanuel N., de 34 a\u00f1os de edad, result\u00f3 lesionado pero fue trasladado por sus familiares a un nosocomio.<\/p>\n","protected":false},"excerpt":{"rendered":"<p>Redacci\u00f3n\/Zona Roja. Oaxaca de Ju\u00e1rez, Oax., a 1 de septiembre de 2023.- En menos de&hellip;<\/p>\n","protected":false},"author":2,"featured_media":59393,"comment_status":"closed","ping_status":"open","sticky":false,"template":"","format":"standard","meta":{"_lmt_disableupdate":"","_lmt_disable":"","_jetpack_memberships_contains_paid_content":false,"footnotes":""},"categories":[109,51],"tags":[123],"class_list":["post-59392","post","type-post","status-publish","format-standard","has-post-thumbnail","hentry","category-minuto-a-minuto","category-zona-roja","tag-juchitan-de-zaragoza"],"jetpack_featured_media_url":"https:\/\/zonaroja.com.mx\/wp-content\/uploads\/2023\/09\/Ejecutado-Juchitan.jpeg","jetpack_sharing_enabled":true,"_links":{"self":[{"href":"https:\/\/zonaroja.com.mx\/index.php?rest_route=\/wp\/v2\/posts\/59392","targetHints":{"allow":["GET"]}}],"collection":[{"href":"https:\/\/zonaroja.com.mx\/index.php?rest_route=\/wp\/v2\/posts"}],"about":[{"href":"https:\/\/zonaroja.com.mx\/index.php?rest_route=\/wp\/v2\/types\/post"}],"author":[{"embeddable":true,"href":"https:\/\/zonaroja.com.mx\/index.php?rest_route=\/wp\/v2\/users\/2"}],"replies":[{"embeddable":true,"href":"https:\/\/zonaroja.com.mx\/index.php?rest_route=%2Fwp%2Fv2%2Fcomments&post=59392"}],"version-history":[{"count":1,"href":"https:\/\/zonaroja.com.mx\/index.php?rest_route=\/wp\/v2\/posts\/59392\/revisions"}],"predecessor-version":[{"id":59394,"href":"https:\/\/zonaroja.com.mx\/index.php?rest_route=\/wp\/v2\/posts\/59392\/revisions\/59394"}],"wp:featuredmedia":[{"embeddable":true,"href":"https:\/\/zonaroja.com.mx\/index.php?rest_route=\/wp\/v2\/media\/59393"}],"wp:attachment":[{"href":"https:\/\/zonaroja.com.mx\/index.php?rest_route=%2Fwp%2Fv2%2Fmedia&parent=59392"}],"wp:term":[{"taxonomy":"category","embeddable":true,"href":"https:\/\/zonaroja.com.mx\/index.php?rest_route=%2Fwp%2Fv2%2Fcategories&post=59392"},{"taxonomy":"post_tag","embeddable":true,"href":"https:\/\/zonaroja.com.mx\/index.php?rest_route=%2Fwp%2Fv2%2Ftags&post=59392"}],"curies":[{"name":"wp","href":"https:\/\/api.w.org\/{rel}","templated":true}]}}