{"id":5940,"date":"2019-11-21T07:51:45","date_gmt":"2019-11-21T13:51:45","guid":{"rendered":"http:\/\/www.zonaroja.com.mx\/?p=5940"},"modified":"2019-11-21T07:51:47","modified_gmt":"2019-11-21T13:51:47","slug":"sin-apoyo-del-gobierno-de-oaxaca-localizan-a-la-activista-irma-galindo","status":"publish","type":"post","link":"https:\/\/zonaroja.com.mx\/?p=5940","title":{"rendered":"Sin apoyo del gobierno de Oaxaca, localizan a la activista Irma Galindo"},"content":{"rendered":"\n<p>Redacci\u00f3n\/Zona\nRoja.<\/p>\n\n\n\n<p>Oaxaca de\nJu\u00e1rez, Oax.,21 de noviembre de 2019.- Organismos civiles confirmaron la\naparici\u00f3n con vida y en buen estado de salud de la activista defensora de los\nbosques Irma Galindo.<\/p>\n\n\n\n<p>Sin embargo, reprocharon el nulo apoyo de las instancias del gobierno en Oaxaca, entre ellas la Fiscal\u00eda General del Estado, para localizar a la ambientalista originaria de San Esteban Atatlahuca, quien desapareci\u00f3 de su comunidad el 10 de noviembre pasado.<\/p>\n\n\n\n<p>\u201cFinalmente\ntenemos luz verde para compartir con ustedes y confirmar que nuestra hermana\nIrmis Galindo est\u00e1 viva y recibiendo la atenci\u00f3n que necesita. Las \u00faltimas 48\nhoras han sido particularmente intensas con la coordinaci\u00f3n de este proceso de\nla manera m\u00e1s segura posible\u201d, difundieron anoche en un comunicado.<\/p>\n\n\n\n<p>\u201cLamentamos\nla ineficiencia de la acci\u00f3n del gobierno local, estatal y federal en su\nb\u00fasqueda, ya que hasta la fecha no han establecido contacto con su familia.\nExpresamos una gran preocupaci\u00f3n por la grave situaci\u00f3n de violencia y riesgo\nque sufren las mujeres y los defensores del bosque en San Esteban Atlatahuca,\nOaxaca, y exigimos justicia para Irma y todos los afectados en su pueblo. \u00a1La\nlucha no termina! \u00a1Seguimos exigiendo justicia!\u201d, refirieron.<\/p>\n\n\n\n<p>Sin dar\ndetalles, Irma Galindo se encuentra resguardada en una localidad de la regi\u00f3n\nMixteca, debido a las amenazas de muerte que ha recibido por su activismo en\ndefensa de los bosques en su municipio, Atatlahuca, que tambi\u00e9n atraviesa un\nproblema de tierras.<\/p>\n\n\n\n<p>\u201cPara\naquellos que no est\u00e1n familiarizados con la forma sistem\u00e1tica de reprimir a los\nactivistas \/ defensores de la tierra (y aquellos que los ayudan a ponerse a\nsalvo) a trav\u00e9s de amenazas, asesinatos o difamaciones, les pedimos que tengan\ncuidado con lo que comparten y RESPETEN el trabajo y proceso a seguir de los\nque arriesgan sus cuerpos, y los defensores de los derechos humanos y las redes\nen Oaxaca que han ayudado a hacer esto posible\u201d, se\u00f1alaron.<\/p>\n\n\n\n<p>Manifestaron\nsu agradecimiento a las redes del CNI &#8211; EZLN, La Red Nacional de Defensores de\nDerechos Humanos en M\u00e9xico, \u201ca nuestra querida concejala, y a todos los que\nrespondieron de inmediato para ayudar y a todos los que hacen el trabajo que el\ngobierno no hace por proteger a los defensores ind\u00edgenas de la tierra\u201d.<\/p>\n\n\n\n<p>\u201cTodav\u00eda\ntenemos que garantizar mecanismos de seguridad para nuestra hermana Irma &#8230;\n\u00a1que el movimiento contra la deforestaci\u00f3n en su comunidad no se detenga &#8230;\nahora! Este es s\u00f3lo el comienzo. Aunque no podemos dar su ubicaci\u00f3n, podemos\nasegurarnos de que ella est\u00e9 viva y sana y salvo\u201d, refirieron Una Daisy, Karen\nJohana L\u00f3pez Acero, Citlalic Ozelomaitl Jeffers Pe\u00f1a y Tania Romero.<\/p>\n","protected":false},"excerpt":{"rendered":"<p>Redacci\u00f3n\/Zona Roja. Oaxaca de Ju\u00e1rez, Oax.,21 de noviembre de 2019.- Organismos civiles confirmaron la aparici\u00f3n&hellip;<\/p>\n","protected":false},"author":2,"featured_media":5859,"comment_status":"closed","ping_status":"open","sticky":false,"template":"","format":"standard","meta":{"_lmt_disableupdate":"","_lmt_disable":"","_jetpack_memberships_contains_paid_content":false,"footnotes":""},"categories":[109,47],"tags":[1024,1025],"class_list":["post-5940","post","type-post","status-publish","format-standard","has-post-thumbnail","hentry","category-minuto-a-minuto","category-zona-gris","tag-irma-galindo","tag-san-esteban-atatlahuca"],"jetpack_featured_media_url":"https:\/\/zonaroja.com.mx\/wp-content\/uploads\/2019\/11\/Irma-Galindo-Atatlahuca.jpg","jetpack_sharing_enabled":true,"_links":{"self":[{"href":"https:\/\/zonaroja.com.mx\/index.php?rest_route=\/wp\/v2\/posts\/5940","targetHints":{"allow":["GET"]}}],"collection":[{"href":"https:\/\/zonaroja.com.mx\/index.php?rest_route=\/wp\/v2\/posts"}],"about":[{"href":"https:\/\/zonaroja.com.mx\/index.php?rest_route=\/wp\/v2\/types\/post"}],"author":[{"embeddable":true,"href":"https:\/\/zonaroja.com.mx\/index.php?rest_route=\/wp\/v2\/users\/2"}],"replies":[{"embeddable":true,"href":"https:\/\/zonaroja.com.mx\/index.php?rest_route=%2Fwp%2Fv2%2Fcomments&post=5940"}],"version-history":[{"count":1,"href":"https:\/\/zonaroja.com.mx\/index.php?rest_route=\/wp\/v2\/posts\/5940\/revisions"}],"predecessor-version":[{"id":5941,"href":"https:\/\/zonaroja.com.mx\/index.php?rest_route=\/wp\/v2\/posts\/5940\/revisions\/5941"}],"wp:featuredmedia":[{"embeddable":true,"href":"https:\/\/zonaroja.com.mx\/index.php?rest_route=\/wp\/v2\/media\/5859"}],"wp:attachment":[{"href":"https:\/\/zonaroja.com.mx\/index.php?rest_route=%2Fwp%2Fv2%2Fmedia&parent=5940"}],"wp:term":[{"taxonomy":"category","embeddable":true,"href":"https:\/\/zonaroja.com.mx\/index.php?rest_route=%2Fwp%2Fv2%2Fcategories&post=5940"},{"taxonomy":"post_tag","embeddable":true,"href":"https:\/\/zonaroja.com.mx\/index.php?rest_route=%2Fwp%2Fv2%2Ftags&post=5940"}],"curies":[{"name":"wp","href":"https:\/\/api.w.org\/{rel}","templated":true}]}}