{"id":59407,"date":"2023-09-02T10:21:00","date_gmt":"2023-09-02T15:21:00","guid":{"rendered":"http:\/\/www.zonaroja.com.mx\/?p=59407"},"modified":"2023-09-02T08:55:19","modified_gmt":"2023-09-02T13:55:19","slug":"en-dia-de-informe-de-amlo-5-asesinados-en-veracruz-y-5-en-tamaulipas","status":"publish","type":"post","link":"https:\/\/zonaroja.com.mx\/?p=59407","title":{"rendered":"En d\u00eda de informe de AMLO, 5 asesinados en Veracruz y 5 en Tamaulipas"},"content":{"rendered":"\n<p>Redacci\u00f3n\/Zona Roja Cdmx.<\/p>\n\n\n\n<p>Ciudad de M\u00e9xico, a 2 de septiembre de 2023.- Cinco personas fueron asesinadas en Tamaulipas durante un lapso de 24 horas.<\/p>\n\n\n\n<p>La Vocer\u00eda de Seguridad estatal inform\u00f3 que los homicidios ocurrieron en los municipios de Ciudad Victoria y Reynosa.<\/p>\n\n\n\n<p>En Ciudad Victoria fueron asesinados dos hombres y una mujer, en tanto que en Reynosa las v\u00edctimas eran mujeres, report\u00f3 el sitio L\u00f3pez-D\u00f3riga Digital.<\/p>\n\n\n\n<p>Mientras que cuatro personas muertas y un herido dej\u00f3 un ataque armado en un bar de Veracruz, estado que sufre una escalada de violencia relacionada con la operaci\u00f3n de bandas del crimen organizado.<\/p>\n\n\n\n<p>Los hechos ocurrieron la madrugada de este viernes en el municipio de Tlapacoyan.<\/p>\n\n\n\n<p>Dos hombres armados ingresaron al llamado \u201cBar Garibaldi\u201d, donde dispararon a los clientes y empleados para luego fugarse.<\/p>\n\n\n\n<p>Dos mujeres y un hombre murieron en el sitio y una cuarta v\u00edctima pereci\u00f3 en un hospital de la localidad. El ataque tambi\u00e9n dej\u00f3 un herido que se reporta como grave.<\/p>\n\n\n\n<p>Un despliegue de fuerzas estatales y federales ocurri\u00f3 posteriormente en el lugar del crimen, sin que lograran la detenci\u00f3n de los delincuentes.<\/p>\n\n\n\n<p>En Linares, Nuevo Le\u00f3n, fue abandonada una hielera con restos humanos.<\/p>\n\n\n\n<p>Autoridades informaron del hallazgo debajo del Puente Negro, en la colonia L\u00e1zaro C\u00e1rdenas.<\/p>\n\n\n\n<p>Se presume que dentro de la hielera fue encontrada una cabeza humana, que pertenecer\u00eda a una mujer de entre 25 y 30 a\u00f1os de edad.<\/p>\n\n\n\n<p>(Informaci\u00f3n de agencias)<\/p>\n","protected":false},"excerpt":{"rendered":"<p>Redacci\u00f3n\/Zona Roja Cdmx. Ciudad de M\u00e9xico, a 2 de septiembre de 2023.- Cinco personas fueron&hellip;<\/p>\n","protected":false},"author":2,"featured_media":54458,"comment_status":"closed","ping_status":"open","sticky":false,"template":"","format":"standard","meta":{"_lmt_disableupdate":"","_lmt_disable":"","_jetpack_memberships_contains_paid_content":false,"footnotes":""},"categories":[109,51],"tags":[1746],"class_list":["post-59407","post","type-post","status-publish","format-standard","has-post-thumbnail","hentry","category-minuto-a-minuto","category-zona-roja","tag-violencia-en-mexico"],"jetpack_featured_media_url":"https:\/\/zonaroja.com.mx\/wp-content\/uploads\/2023\/04\/Escena-del-crimen-violencia-asesinato-homicidio.jpeg","jetpack_sharing_enabled":true,"_links":{"self":[{"href":"https:\/\/zonaroja.com.mx\/index.php?rest_route=\/wp\/v2\/posts\/59407","targetHints":{"allow":["GET"]}}],"collection":[{"href":"https:\/\/zonaroja.com.mx\/index.php?rest_route=\/wp\/v2\/posts"}],"about":[{"href":"https:\/\/zonaroja.com.mx\/index.php?rest_route=\/wp\/v2\/types\/post"}],"author":[{"embeddable":true,"href":"https:\/\/zonaroja.com.mx\/index.php?rest_route=\/wp\/v2\/users\/2"}],"replies":[{"embeddable":true,"href":"https:\/\/zonaroja.com.mx\/index.php?rest_route=%2Fwp%2Fv2%2Fcomments&post=59407"}],"version-history":[{"count":1,"href":"https:\/\/zonaroja.com.mx\/index.php?rest_route=\/wp\/v2\/posts\/59407\/revisions"}],"predecessor-version":[{"id":59408,"href":"https:\/\/zonaroja.com.mx\/index.php?rest_route=\/wp\/v2\/posts\/59407\/revisions\/59408"}],"wp:featuredmedia":[{"embeddable":true,"href":"https:\/\/zonaroja.com.mx\/index.php?rest_route=\/wp\/v2\/media\/54458"}],"wp:attachment":[{"href":"https:\/\/zonaroja.com.mx\/index.php?rest_route=%2Fwp%2Fv2%2Fmedia&parent=59407"}],"wp:term":[{"taxonomy":"category","embeddable":true,"href":"https:\/\/zonaroja.com.mx\/index.php?rest_route=%2Fwp%2Fv2%2Fcategories&post=59407"},{"taxonomy":"post_tag","embeddable":true,"href":"https:\/\/zonaroja.com.mx\/index.php?rest_route=%2Fwp%2Fv2%2Ftags&post=59407"}],"curies":[{"name":"wp","href":"https:\/\/api.w.org\/{rel}","templated":true}]}}