{"id":59409,"date":"2023-09-02T12:55:00","date_gmt":"2023-09-02T17:55:00","guid":{"rendered":"http:\/\/www.zonaroja.com.mx\/?p=59409"},"modified":"2023-09-02T08:57:57","modified_gmt":"2023-09-02T13:57:57","slug":"dictan-12-anos-de-prision-para-pederasta-de-la-region-costa","status":"publish","type":"post","link":"https:\/\/zonaroja.com.mx\/?p=59409","title":{"rendered":"Dictan 12 a\u00f1os de prisi\u00f3n para pederasta de la regi\u00f3n Costa"},"content":{"rendered":"\n<p>Redacci\u00f3n\/Zona Roja.<\/p>\n\n\n\n<p>Oaxaca de Ju\u00e1rez, Oax., a 2 de septiembre de 2023.- La Fiscal\u00eda General del Estado de Oaxaca (FGEO) obtuvo una sentencia condenatoria de 12 a\u00f1os de prisi\u00f3n contra A. P. H., responsable de la comisi\u00f3n del delito de Pederastia, contra una infancia, en la regi\u00f3n de la Costa.<\/p>\n\n\n\n<p>Los hechos sucedieron el 10 de julio de 2022, cuando el agresor llev\u00f3 a la v\u00edctima hacia el cuarto de un domicilio particular localizado en Barra de Copalita, en Santa Mar\u00eda Huatulco, donde consum\u00f3 la agresi\u00f3n sexual por la que se configura el delito de Pederastia.<\/p>\n\n\n\n<p>Ante los hechos, la FGEO inici\u00f3 las investigaciones judiciales correspondientes, a trav\u00e9s de la Unidad Operativa de Investigaci\u00f3n de Delitos Cometidos Contra la Mujer por Raz\u00f3n De G\u00e9nero de la Vicefiscal\u00eda Regional de la Costa, las cuales permitieron la detenci\u00f3n del responsable que fue puesto bajo proceso penal.<\/p>\n\n\n\n<p>Tras aportar las pruebas obtenidas de las indagatorias correspondientes, el Juez que atiende la causa evalu\u00f3 dichos elementos, gracias a los cuales dict\u00f3 sentencia condenatoria de 12 a\u00f1os de prisi\u00f3n en contra de A. P. H., a quien adem\u00e1s impuso el pago por la reparaci\u00f3n del da\u00f1o.<\/p>\n\n\n\n<p>DETIENEN A VENDEDOR DE DROGA<\/p>\n\n\n\n<p>Por otra parte, derivado de un trabajo de inteligencia, la Fiscal\u00eda General del Estado detuvo en flagrancia a una persona del sexo masculino, identificada como F.G.P.D., mientras, aparentemente comercializaba dosis de drogas en la capital del estado.<\/p>\n\n\n\n<p>La detenci\u00f3n se realiz\u00f3 el 30 de agosto, cuando elementos de la Agencia Estatal de Investigaciones (AEI) observaron cuando el imputado entregaba bolsas de pl\u00e1stico transparente que conten\u00edan un tipo de hierba, por lo que fue detenido.<\/p>\n\n\n\n<p>Al realizar una revisi\u00f3n, detectaron que pose\u00eda diversas dosis de la droga conocida como mariguana, las cuales estaban empaquetadas para su venta.<\/p>\n\n\n\n<p>Por estos hechos fue trasladado ante las autoridades ministeriales adscritas a la Fiscal\u00eda Especializada para la Atenci\u00f3n a Delitos de Alto Impacto, para determinar su situaci\u00f3n jur\u00eddica en las pr\u00f3ximas horas.<\/p>\n\n\n\n<p>La Fiscal\u00eda de Oaxaca realiza labores contra la venta de drogas en la modalidad de narcomenudeo para combatir esta actividad criminal que lastima el tejido social en nuestra entidad.<\/p>\n","protected":false},"excerpt":{"rendered":"<p>Redacci\u00f3n\/Zona Roja. Oaxaca de Ju\u00e1rez, Oax., a 2 de septiembre de 2023.- La Fiscal\u00eda General&hellip;<\/p>\n","protected":false},"author":2,"featured_media":44181,"comment_status":"closed","ping_status":"open","sticky":false,"template":"","format":"standard","meta":{"_lmt_disableupdate":"","_lmt_disable":"","_jetpack_memberships_contains_paid_content":false,"footnotes":""},"categories":[109,46],"tags":[494],"class_list":["post-59409","post","type-post","status-publish","format-standard","has-post-thumbnail","hentry","category-minuto-a-minuto","category-zona-blanca","tag-fiscalia-general-del-estado-de-oaxaca"],"jetpack_featured_media_url":"https:\/\/zonaroja.com.mx\/wp-content\/uploads\/2022\/08\/Pederastia.jpeg","jetpack_sharing_enabled":true,"_links":{"self":[{"href":"https:\/\/zonaroja.com.mx\/index.php?rest_route=\/wp\/v2\/posts\/59409","targetHints":{"allow":["GET"]}}],"collection":[{"href":"https:\/\/zonaroja.com.mx\/index.php?rest_route=\/wp\/v2\/posts"}],"about":[{"href":"https:\/\/zonaroja.com.mx\/index.php?rest_route=\/wp\/v2\/types\/post"}],"author":[{"embeddable":true,"href":"https:\/\/zonaroja.com.mx\/index.php?rest_route=\/wp\/v2\/users\/2"}],"replies":[{"embeddable":true,"href":"https:\/\/zonaroja.com.mx\/index.php?rest_route=%2Fwp%2Fv2%2Fcomments&post=59409"}],"version-history":[{"count":1,"href":"https:\/\/zonaroja.com.mx\/index.php?rest_route=\/wp\/v2\/posts\/59409\/revisions"}],"predecessor-version":[{"id":59410,"href":"https:\/\/zonaroja.com.mx\/index.php?rest_route=\/wp\/v2\/posts\/59409\/revisions\/59410"}],"wp:featuredmedia":[{"embeddable":true,"href":"https:\/\/zonaroja.com.mx\/index.php?rest_route=\/wp\/v2\/media\/44181"}],"wp:attachment":[{"href":"https:\/\/zonaroja.com.mx\/index.php?rest_route=%2Fwp%2Fv2%2Fmedia&parent=59409"}],"wp:term":[{"taxonomy":"category","embeddable":true,"href":"https:\/\/zonaroja.com.mx\/index.php?rest_route=%2Fwp%2Fv2%2Fcategories&post=59409"},{"taxonomy":"post_tag","embeddable":true,"href":"https:\/\/zonaroja.com.mx\/index.php?rest_route=%2Fwp%2Fv2%2Ftags&post=59409"}],"curies":[{"name":"wp","href":"https:\/\/api.w.org\/{rel}","templated":true}]}}