{"id":59417,"date":"2023-09-02T19:29:08","date_gmt":"2023-09-03T00:29:08","guid":{"rendered":"http:\/\/www.zonaroja.com.mx\/?p=59417"},"modified":"2023-09-02T19:29:11","modified_gmt":"2023-09-03T00:29:11","slug":"sabado-de-terror-decapitado-con-narcomanta-asalto-a-negocio-y-balacera-incendio-de-vehiculo","status":"publish","type":"post","link":"https:\/\/zonaroja.com.mx\/?p=59417","title":{"rendered":"S\u00e1bado de terror: decapitado con \u201cnarcomanta\u201d; asalto a negocio y balacera; incendio de veh\u00edculo"},"content":{"rendered":"\n<p>Ismael Garc\u00eda M.\/Zona Roja.<\/p>\n\n\n\n<p>Oaxaca de Ju\u00e1rez, Oax., a 2 de septiembre de 2023.- Una persona ejecutada y decapitada con \u201cnarcomanta\u201d en Tehuantepec; un ataque armado en un domicilio de Salina Cruz y asalto a negocio, y un lesionado de bala en la capital, es el saldo violento de este s\u00e1bado en Oaxaca.<\/p>\n\n\n\n<p>En el transcurso de la madrugada de hoy fue localizada una cabeza humana en la carretera federal de Santo Domingo Tehuantepec a Juchit\u00e1n de Zaragoza, a un costado de un bar; en el mismo sitio fue hallada una \u201cnarcomanta\u201d,&nbsp;<\/p>\n\n\n\n<p>Posteriormente, a un costado de las v\u00edas del ferrocarril, en la colonia El Cairo, fue localizado el cuerpo de la v\u00edctima, con huellas de tortura y disparos de arma de fuego.<\/p>\n\n\n\n<p>En tanto, tambi\u00e9n en la madrugada pero en la colonia Azucenas de la agencia de San Mart\u00edn Mexic\u00e1pam, municipio de Oaxaca de Ju\u00e1rez, un individuo fue atacado a balazos.<\/p>\n\n\n\n<p>Fue trasladado al Hospital General \u201cDr. Aurelio Valdivieso\u201d de la capital, donde a\u00fan convalece; hasta el momento no ha sido identificado.<\/p>\n\n\n\n<p>Alrededor del mediod\u00eda, en la carretera Trans\u00edstmica, a la altura del kil\u00f3metro 188, jurisdicci\u00f3n de San Juan Guichicovi, sujetos armados incendiaron una camioneta de carga y pasaje.<\/p>\n\n\n\n<p>Personal del Cuerpo de Bomberos con sede en Mat\u00edas Romero atendi\u00f3 la emergencia y confirm\u00f3 que no hubo v\u00edctimas, s\u00f3lo dos mujeres con crisis nerviosa; la unidad de motor se consumi\u00f3 en su totalidad.<\/p>\n\n\n\n<p>Por la tarde de este s\u00e1bado, alrededor de las 15:00 horas, sujetos armados dispararon en repetidas ocasiones en contra de un domicilio en la colonia Benito Ju\u00e1rez del municipio de Salina Cruz.<\/p>\n\n\n\n<p>No obstante, a\u00fan no se han reportado personas lesionadas pero el hecho s\u00ed causo p\u00e1nico entre los habitantes de la zona. La polic\u00eda municipal lleg\u00f3 a la zona varios minutos despu\u00e9s de los hechos pero no logr\u00f3 dar con los responsables.<\/p>\n\n\n\n<p>Y unas dos horas despu\u00e9s, en el mismo municipio de Salina Cruz pero en la colonia Petrolera, se registr\u00f3 un robo con violencia en una tienda Oxxo, con saldo preliminar de una persona lesionada.<\/p>\n\n\n\n<p>De nuevo los polic\u00edas municipales arribaron tarde al lugar de los hechos s\u00f3lo para acordonar el \u00e1rea; supuestamente hubo operativos de b\u00fasqueda pero sin resultados positivos.<\/p>\n","protected":false},"excerpt":{"rendered":"<p>Ismael Garc\u00eda M.\/Zona Roja. Oaxaca de Ju\u00e1rez, Oax., a 2 de septiembre de 2023.- Una&hellip;<\/p>\n","protected":false},"author":2,"featured_media":59418,"comment_status":"closed","ping_status":"open","sticky":false,"template":"","format":"standard","meta":{"_lmt_disableupdate":"","_lmt_disable":"","_jetpack_memberships_contains_paid_content":false,"footnotes":""},"categories":[109,51],"tags":[148,125],"class_list":["post-59417","post","type-post","status-publish","format-standard","has-post-thumbnail","hentry","category-minuto-a-minuto","category-zona-roja","tag-oaxaca-de-juarez","tag-santo-domingo-tehuantepec"],"jetpack_featured_media_url":"https:\/\/zonaroja.com.mx\/wp-content\/uploads\/2023\/09\/Ejecutado-y-decapitado-en-Tehuantepec.jpg","jetpack_sharing_enabled":true,"_links":{"self":[{"href":"https:\/\/zonaroja.com.mx\/index.php?rest_route=\/wp\/v2\/posts\/59417","targetHints":{"allow":["GET"]}}],"collection":[{"href":"https:\/\/zonaroja.com.mx\/index.php?rest_route=\/wp\/v2\/posts"}],"about":[{"href":"https:\/\/zonaroja.com.mx\/index.php?rest_route=\/wp\/v2\/types\/post"}],"author":[{"embeddable":true,"href":"https:\/\/zonaroja.com.mx\/index.php?rest_route=\/wp\/v2\/users\/2"}],"replies":[{"embeddable":true,"href":"https:\/\/zonaroja.com.mx\/index.php?rest_route=%2Fwp%2Fv2%2Fcomments&post=59417"}],"version-history":[{"count":1,"href":"https:\/\/zonaroja.com.mx\/index.php?rest_route=\/wp\/v2\/posts\/59417\/revisions"}],"predecessor-version":[{"id":59419,"href":"https:\/\/zonaroja.com.mx\/index.php?rest_route=\/wp\/v2\/posts\/59417\/revisions\/59419"}],"wp:featuredmedia":[{"embeddable":true,"href":"https:\/\/zonaroja.com.mx\/index.php?rest_route=\/wp\/v2\/media\/59418"}],"wp:attachment":[{"href":"https:\/\/zonaroja.com.mx\/index.php?rest_route=%2Fwp%2Fv2%2Fmedia&parent=59417"}],"wp:term":[{"taxonomy":"category","embeddable":true,"href":"https:\/\/zonaroja.com.mx\/index.php?rest_route=%2Fwp%2Fv2%2Fcategories&post=59417"},{"taxonomy":"post_tag","embeddable":true,"href":"https:\/\/zonaroja.com.mx\/index.php?rest_route=%2Fwp%2Fv2%2Ftags&post=59417"}],"curies":[{"name":"wp","href":"https:\/\/api.w.org\/{rel}","templated":true}]}}