{"id":5942,"date":"2019-11-21T09:09:04","date_gmt":"2019-11-21T15:09:04","guid":{"rendered":"http:\/\/www.zonaroja.com.mx\/?p=5942"},"modified":"2019-11-21T09:09:07","modified_gmt":"2019-11-21T15:09:07","slug":"indigenas-oaxaquenos-y-de-otras-entidades-cantan-su-sentir-en-la-cdmx","status":"publish","type":"post","link":"https:\/\/zonaroja.com.mx\/?p=5942","title":{"rendered":"Ind\u00edgenas oaxaque\u00f1os y de otras entidades cantan su sentir en la Cdmx"},"content":{"rendered":"\n<p>Redacci\u00f3n\/Zona\nRoja Cdmx.<\/p>\n\n\n\n<p>Ciudad de\nM\u00e9xico, 21 de noviembre de 2019.- Esta jueves, a las 17:00 horas, en el\nMonumento a la Revoluci\u00f3n de la Ciudad de M\u00e9xico, cinco agrupaciones de los\npueblos zapoteca, mayo, yaqui, otom\u00ed, pur\u00e9pecha y n\u00e1huatl, utilizar\u00e1n el arte\nde la m\u00fasica para hacer un llamado a crear conciencia sobre la problem\u00e1tica de\ndiscriminaci\u00f3n y el racismo que existe en nuestro pa\u00eds, en el marco de la\ncampa\u00f1a contra la discriminaci\u00f3n ling\u00fc\u00edstica \u201cSalgamos todxs del cl\u00f3set \u00bfQu\u00e9\nlengua hablas t\u00fa?\u201d.<\/p>\n\n\n\n<p>Dicha\ncampa\u00f1a, que promueve la cantante oaxaque\u00f1a Lila Downs, aunque no participar\u00e1\nen la audici\u00f3n, tiene como prop\u00f3sito promover que los propios hablantes de las\nlenguas ind\u00edgenas en M\u00e9xico se enorgullezcan de su idioma materno, lo\npromuevan, preserven y transmitan a las nuevas generaciones.<\/p>\n\n\n\n<p>Los\ninvitados a esta fiesta musical del multiling\u00fcismo ser\u00e1n Natalia Cruz y \u201cLa\nIstme\u00f1a\u201d, con m\u00fasica de banda del Istmo de Tehuantepec, Oaxaca. Isaac Montijo y\nLos Buayums, exponentes en lengua mayo y yaqui, que fusionan ritmos\ntradicionales con salsa, cumbia y norte\u00f1o.<\/p>\n\n\n\n<p>Adem\u00e1s del\nColectivo Membda, proveniente del Valle del Mezquital, en Hidalgo, destacados\nint\u00e9rpretes de m\u00fasicas urbanas como el rap, reggae y electro dance en lengua\nh\u00f1\u00e4h\u00f1u u otom\u00ed. <\/p>\n\n\n\n<p>La Orquesta\nPacanda, agrupaci\u00f3n que conjunta dos generaciones de m\u00fasicos, ni\u00f1os y adultos,\nen la interpretaci\u00f3n de las tradicionales pirekuas pur\u00e9pechas, pondr\u00e1n a bailar\na los asistentes al ritmo de la cumbia en lengua n\u00e1huatl.<\/p>\n\n\n\n<p>(Informaci\u00f3n\nde \u201cEl Heraldo de M\u00e9xico\u201d)<\/p>\n","protected":false},"excerpt":{"rendered":"<p>Redacci\u00f3n\/Zona Roja Cdmx. Ciudad de M\u00e9xico, 21 de noviembre de 2019.- Esta jueves, a las&hellip;<\/p>\n","protected":false},"author":2,"featured_media":5943,"comment_status":"closed","ping_status":"open","sticky":false,"template":"","format":"standard","meta":{"_lmt_disableupdate":"","_lmt_disable":"","_jetpack_memberships_contains_paid_content":false,"footnotes":""},"categories":[109,46],"tags":[],"class_list":["post-5942","post","type-post","status-publish","format-standard","has-post-thumbnail","hentry","category-minuto-a-minuto","category-zona-blanca"],"jetpack_featured_media_url":"https:\/\/zonaroja.com.mx\/wp-content\/uploads\/2019\/11\/Natalia-Cruz.jpg","jetpack_sharing_enabled":true,"_links":{"self":[{"href":"https:\/\/zonaroja.com.mx\/index.php?rest_route=\/wp\/v2\/posts\/5942","targetHints":{"allow":["GET"]}}],"collection":[{"href":"https:\/\/zonaroja.com.mx\/index.php?rest_route=\/wp\/v2\/posts"}],"about":[{"href":"https:\/\/zonaroja.com.mx\/index.php?rest_route=\/wp\/v2\/types\/post"}],"author":[{"embeddable":true,"href":"https:\/\/zonaroja.com.mx\/index.php?rest_route=\/wp\/v2\/users\/2"}],"replies":[{"embeddable":true,"href":"https:\/\/zonaroja.com.mx\/index.php?rest_route=%2Fwp%2Fv2%2Fcomments&post=5942"}],"version-history":[{"count":1,"href":"https:\/\/zonaroja.com.mx\/index.php?rest_route=\/wp\/v2\/posts\/5942\/revisions"}],"predecessor-version":[{"id":5944,"href":"https:\/\/zonaroja.com.mx\/index.php?rest_route=\/wp\/v2\/posts\/5942\/revisions\/5944"}],"wp:featuredmedia":[{"embeddable":true,"href":"https:\/\/zonaroja.com.mx\/index.php?rest_route=\/wp\/v2\/media\/5943"}],"wp:attachment":[{"href":"https:\/\/zonaroja.com.mx\/index.php?rest_route=%2Fwp%2Fv2%2Fmedia&parent=5942"}],"wp:term":[{"taxonomy":"category","embeddable":true,"href":"https:\/\/zonaroja.com.mx\/index.php?rest_route=%2Fwp%2Fv2%2Fcategories&post=5942"},{"taxonomy":"post_tag","embeddable":true,"href":"https:\/\/zonaroja.com.mx\/index.php?rest_route=%2Fwp%2Fv2%2Ftags&post=5942"}],"curies":[{"name":"wp","href":"https:\/\/api.w.org\/{rel}","templated":true}]}}