{"id":59420,"date":"2023-09-03T08:06:21","date_gmt":"2023-09-03T13:06:21","guid":{"rendered":"http:\/\/www.zonaroja.com.mx\/?p=59420"},"modified":"2023-09-03T08:06:23","modified_gmt":"2023-09-03T13:06:23","slug":"gobierno-de-xoxocotlan-y-el-inah-impulsan-educacion-cultural","status":"publish","type":"post","link":"https:\/\/zonaroja.com.mx\/?p=59420","title":{"rendered":"Gobierno de Xoxocotl\u00e1n y el INAH impulsan educaci\u00f3n cultural"},"content":{"rendered":"\n<p>Redacci\u00f3n\/Zona Roja.<\/p>\n\n\n\n<p>Oaxaca de Ju\u00e1rez, Oax., a 2 de septiembre de 2023.- Para fortalecer los conocimientos de las y los estudiantes de las instituciones educativas que se establecen en este municipio, el gobierno municipal de Santa Cruz Xoxocotl\u00e1n que encabeza Inocente Castellanos Alejos, sign\u00f3 un acuerdo de colaboraci\u00f3n con el Centro Oaxaca del Instituto Nacional de Antropolog\u00eda e Historia, que establece la realizaci\u00f3n de paseos escolares a los espacios que resguarda esa instituci\u00f3n.<\/p>\n\n\n\n<p>El acuerdo gestionado por el DIF Municipal que preside Eric Enmanuel Ortiz Hern\u00e1ndez, establece la coordinaci\u00f3n entre ambas instituciones para la realizaci\u00f3n de los \u201cPaseos Dominicales Culturales\u201d, a las zonas arqueol\u00f3gicas, museos y ex conventos del Estado de Oaxaca que resguarda el INAH.<\/p>\n\n\n\n<p>En el acto, el director general del Instituto, Joel Omar V\u00e1squez Herrera, celebr\u00f3 el inter\u00e9s de la autoridad municipal xoxe\u00f1a por impulsar actividades que contribuyan a la formaci\u00f3n de las nuevas generaciones, dada la importancia que tiene el patrimonio cultural para la comunidad.<\/p>\n\n\n\n<p>\u201cEs importante que las ni\u00f1as y ni\u00f1os sepan la historia de sus antepasados, que conozcan lo que resguarda el INAH, que van desde vestigios de mamuts hasta edificios que ocuparon los antiguos habitantes de Oaxaca, este es uno de los estados m\u00e1s ricos de toda Latinoam\u00e9rica, es una potencia en patrimonio cultural y las nuevas generaciones deben conocer y valorarlo\u201d, dijo V\u00e1squez Herrera.<\/p>\n\n\n\n<p>El funcionario federal, agradeci\u00f3 la voluntad del doctor \u201cChente\u201d Castellanos para contribuir las tareas de preservaci\u00f3n que se realizan en Xoxocotl\u00e1n y sobre todo, por su inter\u00e9s en la formaci\u00f3n de la ni\u00f1ez.<\/p>\n\n\n\n<p>En su momento, el edil xoxe\u00f1o refiri\u00f3 su preocupaci\u00f3n por acercar herramientas de ense\u00f1anza a las nuevas generaciones, pues dijo que, en este momento, las autoridades de todos los niveles deben incentivar la formaci\u00f3n cultural de las infancias y los adolescentes con la esperanza que el reconocimiento a sus or\u00edgenes e historia, fortalezca sus valores y en un futuro sean las mejores ciudadanas y ciudadanos.<\/p>\n\n\n\n<p>\u201cNuestra esperanza de paz, armon\u00eda, respeto, solidaridad y de todos aquellos valores que cada vez parecen m\u00e1s ajenos, est\u00e1 en los escolares que tendr\u00e1n la oportunidad de conocer los principios de nuestra historia en los paseos que haremos gracias a la generosidad del INAH y la gesti\u00f3n del presidente honorario del DIF Municipal, estoy seguro que, a mayor conocimiento de su historia, mayor posibilidad hay de que conformen una sociedad mejor\u201d, puntualiz\u00f3 \u201cChente\u201d Castellanos.<\/p>\n\n\n\n<figure class=\"wp-block-embed is-type-rich is-provider-twitter wp-block-embed-twitter\"><div class=\"wp-block-embed__wrapper\">\n<div class=\"twitter-tweet\"><blockquote class=\"twitter-tweet\" data-lang=\"es\"><p lang=\"es\" dir=\"ltr\">Signamos convenio  con el INAH Oaxaca, para apoyar el aprendizaje de las y los estudiantes de Xoxo a trav\u00e9s  de los paseos a espacios que resguarda tan importante instituci\u00f3n.<br><br>Agradezco al director Joel Omar V\u00e1squez Herrera por su disposici\u00f3n y  <a href=\"https:\/\/twitter.com\/EricOrtizH?ref_src=twsrc%5Etfw\">@EricOrtizH<\/a>  por su gesti\u00f3n. <a href=\"https:\/\/t.co\/ywkMwbCTyA\">pic.twitter.com\/ywkMwbCTyA<\/a><\/p>&mdash; Dr. Chente Castellanos (@DrCCastellanos) <a href=\"https:\/\/twitter.com\/DrCCastellanos\/status\/1697987951244771434?ref_src=twsrc%5Etfw\">2 de septiembre de 2023<\/a><\/blockquote><\/div>\n<\/div><\/figure>\n","protected":false},"excerpt":{"rendered":"<p>Redacci\u00f3n\/Zona Roja. Oaxaca de Ju\u00e1rez, Oax., a 2 de septiembre de 2023.- Para fortalecer los&hellip;<\/p>\n","protected":false},"author":2,"featured_media":59423,"comment_status":"closed","ping_status":"open","sticky":false,"template":"","format":"standard","meta":{"_lmt_disableupdate":"","_lmt_disable":"","_jetpack_memberships_contains_paid_content":false,"footnotes":""},"categories":[109,46],"tags":[133],"class_list":["post-59420","post","type-post","status-publish","format-standard","has-post-thumbnail","hentry","category-minuto-a-minuto","category-zona-blanca","tag-santa-cruz-xoxocotlan"],"jetpack_featured_media_url":"https:\/\/zonaroja.com.mx\/wp-content\/uploads\/2023\/09\/Inocente-Castellanos-INAH-Xoxocotlan.jpg","jetpack_sharing_enabled":true,"_links":{"self":[{"href":"https:\/\/zonaroja.com.mx\/index.php?rest_route=\/wp\/v2\/posts\/59420","targetHints":{"allow":["GET"]}}],"collection":[{"href":"https:\/\/zonaroja.com.mx\/index.php?rest_route=\/wp\/v2\/posts"}],"about":[{"href":"https:\/\/zonaroja.com.mx\/index.php?rest_route=\/wp\/v2\/types\/post"}],"author":[{"embeddable":true,"href":"https:\/\/zonaroja.com.mx\/index.php?rest_route=\/wp\/v2\/users\/2"}],"replies":[{"embeddable":true,"href":"https:\/\/zonaroja.com.mx\/index.php?rest_route=%2Fwp%2Fv2%2Fcomments&post=59420"}],"version-history":[{"count":1,"href":"https:\/\/zonaroja.com.mx\/index.php?rest_route=\/wp\/v2\/posts\/59420\/revisions"}],"predecessor-version":[{"id":59424,"href":"https:\/\/zonaroja.com.mx\/index.php?rest_route=\/wp\/v2\/posts\/59420\/revisions\/59424"}],"wp:featuredmedia":[{"embeddable":true,"href":"https:\/\/zonaroja.com.mx\/index.php?rest_route=\/wp\/v2\/media\/59423"}],"wp:attachment":[{"href":"https:\/\/zonaroja.com.mx\/index.php?rest_route=%2Fwp%2Fv2%2Fmedia&parent=59420"}],"wp:term":[{"taxonomy":"category","embeddable":true,"href":"https:\/\/zonaroja.com.mx\/index.php?rest_route=%2Fwp%2Fv2%2Fcategories&post=59420"},{"taxonomy":"post_tag","embeddable":true,"href":"https:\/\/zonaroja.com.mx\/index.php?rest_route=%2Fwp%2Fv2%2Ftags&post=59420"}],"curies":[{"name":"wp","href":"https:\/\/api.w.org\/{rel}","templated":true}]}}