{"id":59425,"date":"2023-09-03T10:00:00","date_gmt":"2023-09-03T15:00:00","guid":{"rendered":"http:\/\/www.zonaroja.com.mx\/?p=59425"},"modified":"2023-09-03T08:16:23","modified_gmt":"2023-09-03T13:16:23","slug":"hallan-a-individuo-macheteado-y-maniatado-en-la-region-del-istmo","status":"publish","type":"post","link":"https:\/\/zonaroja.com.mx\/?p=59425","title":{"rendered":"Hallan a individuo macheteado y maniatado en la regi\u00f3n del Istmo"},"content":{"rendered":"\n<p>Redacci\u00f3n\/Zona Roja.<\/p>\n\n\n\n<p>Oaxaca de Ju\u00e1rez, Oax., a 3 de septiembre de 2023.- La violencia en la regi\u00f3n del Istmo de Tehuantepec contin\u00faa incesante y ayer fue localizado el cuerpo de una persona del sexo masculino, maniatado y con huellas de violencia.<\/p>\n\n\n\n<p>De acuerdo con reportes policiacos, fue en un terreno jurisdicci\u00f3n del municipio de San Francisco Ixhuat\u00e1n donde se localiz\u00f3 el cad\u00e1ver, ya en estado de descomposici\u00f3n.<\/p>\n\n\n\n<p>Se hallaba atado de manos y adem\u00e1s con varias lesiones producidas con un machete, en la cabeza y el cuerpo.<\/p>\n\n\n\n<p>De manera preliminar se dio a conoce Ruz respondi\u00f3 en vida al nombre de Bernardo de la C. H., de 58 a\u00f1os de edad, originario de Ixhuat\u00e1n y de oficio campesino.<\/p>\n\n\n\n<p>Personal de la Fiscal\u00eda General del Estado de Oaxaca inici\u00f3 las indagatorias correspondientes con la finalidad de deslindar responsabilidades.<\/p>\n\n\n\n<p>Como se inform\u00f3, tambi\u00e9n ayer s\u00e1bado se hall\u00f3 una cabeza humana en un sitio y en otro lugar el cuerpo de una persona del sexo masculino, en jurisdicci\u00f3n de Santo Domingo Tehuantepec; hasta esta ma\u00f1ana a\u00fan no ha sido identificado.<\/p>\n\n\n\n<p>Tambi\u00e9n junto a la cabeza se hall\u00f3 una \u201cnarcomanta\u201d con mensajes amenazantes.<\/p>\n\n\n\n<p>En Salina Cruz ocurri\u00f3 el ataque armado a un domicilio, sin v\u00edctimas, as\u00ed como el asalto violento a una tienda Oxxo, con saldo de una persona lesionada.<\/p>\n","protected":false},"excerpt":{"rendered":"<p>Redacci\u00f3n\/Zona Roja. Oaxaca de Ju\u00e1rez, Oax., a 3 de septiembre de 2023.- La violencia en&hellip;<\/p>\n","protected":false},"author":2,"featured_media":3125,"comment_status":"closed","ping_status":"open","sticky":false,"template":"","format":"standard","meta":{"_lmt_disableupdate":"","_lmt_disable":"","_jetpack_memberships_contains_paid_content":false,"footnotes":""},"categories":[109,51],"tags":[686],"class_list":["post-59425","post","type-post","status-publish","format-standard","has-post-thumbnail","hentry","category-minuto-a-minuto","category-zona-roja","tag-san-francisco-ixhuatan"],"jetpack_featured_media_url":"https:\/\/zonaroja.com.mx\/wp-content\/uploads\/2019\/08\/Machetazo.jpg","jetpack_sharing_enabled":true,"_links":{"self":[{"href":"https:\/\/zonaroja.com.mx\/index.php?rest_route=\/wp\/v2\/posts\/59425","targetHints":{"allow":["GET"]}}],"collection":[{"href":"https:\/\/zonaroja.com.mx\/index.php?rest_route=\/wp\/v2\/posts"}],"about":[{"href":"https:\/\/zonaroja.com.mx\/index.php?rest_route=\/wp\/v2\/types\/post"}],"author":[{"embeddable":true,"href":"https:\/\/zonaroja.com.mx\/index.php?rest_route=\/wp\/v2\/users\/2"}],"replies":[{"embeddable":true,"href":"https:\/\/zonaroja.com.mx\/index.php?rest_route=%2Fwp%2Fv2%2Fcomments&post=59425"}],"version-history":[{"count":1,"href":"https:\/\/zonaroja.com.mx\/index.php?rest_route=\/wp\/v2\/posts\/59425\/revisions"}],"predecessor-version":[{"id":59426,"href":"https:\/\/zonaroja.com.mx\/index.php?rest_route=\/wp\/v2\/posts\/59425\/revisions\/59426"}],"wp:featuredmedia":[{"embeddable":true,"href":"https:\/\/zonaroja.com.mx\/index.php?rest_route=\/wp\/v2\/media\/3125"}],"wp:attachment":[{"href":"https:\/\/zonaroja.com.mx\/index.php?rest_route=%2Fwp%2Fv2%2Fmedia&parent=59425"}],"wp:term":[{"taxonomy":"category","embeddable":true,"href":"https:\/\/zonaroja.com.mx\/index.php?rest_route=%2Fwp%2Fv2%2Fcategories&post=59425"},{"taxonomy":"post_tag","embeddable":true,"href":"https:\/\/zonaroja.com.mx\/index.php?rest_route=%2Fwp%2Fv2%2Ftags&post=59425"}],"curies":[{"name":"wp","href":"https:\/\/api.w.org\/{rel}","templated":true}]}}