{"id":59436,"date":"2023-09-03T13:05:00","date_gmt":"2023-09-03T18:05:00","guid":{"rendered":"http:\/\/www.zonaroja.com.mx\/?p=59436"},"modified":"2023-09-03T09:08:07","modified_gmt":"2023-09-03T14:08:07","slug":"se-descompuso-el-tren-maya-se-detuvo-con-amlo-por-mas-de-una-hora","status":"publish","type":"post","link":"https:\/\/zonaroja.com.mx\/?p=59436","title":{"rendered":"\u00bfSe descompuso el Tren Maya? Se detuvo con AMLO por m\u00e1s de una hora"},"content":{"rendered":"\n<p>Redacci\u00f3n\/Zona Roja Cdmx.<\/p>\n\n\n\n<p>Ciudad de M\u00e9xico, a 3 de septiembre de 2023.- El primer convoy del Tren Maya se detuvo m\u00e1s de una hora en el recorrido de supervisi\u00f3n. Al interior viajaban el presidente Andr\u00e9s Manuel L\u00f3pez Obrador (AMLO), Mauricio Vila, gobernador de Yucat\u00e1n y varios funcionarios.<\/p>\n\n\n\n<p>Fue en el trayecto de M\u00e9rida a Chich\u00e9n Itz\u00e1, cerca de Yaxcab\u00e1 que el tren se detuvo, poco antes de las 15:00 horas. De acuerdo con medios locales, el convoy estuvo inm\u00f3vil al menos una hora con 15 minutos.<\/p>\n\n\n\n<p>Horas despu\u00e9s el presidente encabez\u00f3 el evento \u201cRecuperaci\u00f3n de la memoria y la grandeza de la civilizaci\u00f3n maya\u201d en Tinum, en donde reconoci\u00f3 que lleg\u00f3 tarde debido a los \u201ctrabajos de supervisi\u00f3n\u201d.<\/p>\n\n\n\n<p>\u201cOfrecemos disculpas por llegar tarde pero estamos llevando a cabo una labor de supervisi\u00f3n sobre el funcionamiento del Tren Maya. Llevamos ya varios a\u00f1os visitando est\u00e1 importante obra por tierra, sobrevolando todo el tramo, los mil 554 kil\u00f3metros y tambi\u00e9n ahora ya estamos empezando la supervisi\u00f3n con el uso del tren\u201d, mencion\u00f3<\/p>\n\n\n\n<p>Sin hacer referencia directa a la detenci\u00f3n de m\u00e1s de una hora, L\u00f3pez Obrador explic\u00f3 que el tren demor\u00f3 debido a que en varias ocasiones \u00e9l y sus acompa\u00f1antes se detuvieron para verificar que todo est\u00e9 en orden.<\/p>\n\n\n\n<p>\u201cEstamos viendo c\u00f3mo est\u00e1 la v\u00eda, si ya est\u00e1 concluida con todas las especificaciones, deteni\u00e9ndonos a veces para revisar todo y esto nos llev\u00f3 ayer y hoy a demorarnos en la supervisi\u00f3n, pero fue muy importante porque no es lo mismo sobrevolar los mil 554 kil\u00f3metros\u201d<\/p>\n\n\n\n<p>En consonancia con AMLO, los funcionarios que iban con \u00e9l tampoco mencionaron problema alguno en el Tren Maya. En contraparte, celebraron los avances en la obra previo a su inauguraci\u00f3n, prevista para diciembre de este a\u00f1o.<\/p>\n\n\n\n<p>Tal fue el caso de Javier May, titular del Fondo Nacional de Fomento al Turismo (Fonatur), que incluso asegur\u00f3 que el recorrido \u201cdemuestra que el proyecto se ha vuelto realidad y funciona, que el pueblo respalda el tren y que la mano de obra mexicana es de lo mejor del mundo y capaz de hacer grandes obras\u201d.<\/p>\n\n\n\n<p>De forma similar se expres\u00f3 Luisa Mar\u00eda Alcalde, secretaria de Gobernaci\u00f3n, quien mencion\u00f3 que las pruebas \u201cavanzan a toda marcha\u201d y reiter\u00f3 que el Tren Maya estar\u00e1 listo antes de que termine el a\u00f1o.<\/p>\n\n\n\n<p>Cabe se\u00f1alar que cuando reporteros cuestionaron a militares que iban a bordo del Tren Maya sobre la raz\u00f3n por la que el convoy fren\u00f3 su avance, se limitaron a responder que se le estaba dando mantenimiento y que era parte de las pruebas.<\/p>\n\n\n\n<p>PRIMER RECORRIDO<\/p>\n\n\n\n<p>Durante las primeras horas del viernes 1 de septiembre la cuenta oficial del Tren Maya inform\u00f3 que tuvo \u00e9xito el primer recorrido de un convoy de este medio de transporte tur\u00edstico.<\/p>\n\n\n\n<p>El tren que se puso en marcha fue el TM-001, denominado Xiinbal, el cual forma parte de las unidades que ofrecer\u00e1n el servicio regular. Esto convoy hizo un recorrido inicial de Canc\u00fan, Quintana Roo a Valladolid, Yucat\u00e1n.<\/p>\n\n\n\n<p>Los trenes Xiinbal son veh\u00edculos con cuatro coches y motor di\u00e9sel. Tambi\u00e9n prestar\u00e1n servicio Janal, el cual tendr\u00e1 restaurante a bordo y P\u2019atal, el cual fue dise\u00f1ado para trayectos de larga distancia.<\/p>\n\n\n\n<p>L\u00f3pez Obrador comenz\u00f3 su recorrido de supervisi\u00f3n en la estaci\u00f3n San Francisco en Campeche. Pas\u00f3 tambi\u00e9n por Teya en M\u00e9rida y Chich\u00e9n Itz\u00e1 en Tinum; el 3 de septiembre concluir\u00e1 su recorrido a bordo del Tren Maya en Canc\u00fan.<\/p>\n\n\n\n<p>La inauguraci\u00f3n del Tren Maya est\u00e1 prevista para diciembre, contar\u00e1 con 20 estaciones y 14 paraderos distribuidos en cuatro estados: Tabasco, Campeche, Yucat\u00e1n, Quintana Roo y Chiapas. El medio de transporte promete rapidez y seguridad en un viaje con vistas panor\u00e1micas del sureste mexicano.<\/p>\n\n\n\n<p>(Informaci\u00f3n de Infobae M\u00e9xico)<\/p>\n","protected":false},"excerpt":{"rendered":"<p>Redacci\u00f3n\/Zona Roja Cdmx. Ciudad de M\u00e9xico, a 3 de septiembre de 2023.- El primer convoy&hellip;<\/p>\n","protected":false},"author":2,"featured_media":59421,"comment_status":"closed","ping_status":"open","sticky":false,"template":"","format":"standard","meta":{"_lmt_disableupdate":"","_lmt_disable":"","_jetpack_memberships_contains_paid_content":false,"footnotes":""},"categories":[109,47],"tags":[1730],"class_list":["post-59436","post","type-post","status-publish","format-standard","has-post-thumbnail","hentry","category-minuto-a-minuto","category-zona-gris","tag-tren-maya"],"jetpack_featured_media_url":"https:\/\/zonaroja.com.mx\/wp-content\/uploads\/2023\/09\/Recorrido-Tren-Maya-Lopez-Obrador.jpg","jetpack_sharing_enabled":true,"_links":{"self":[{"href":"https:\/\/zonaroja.com.mx\/index.php?rest_route=\/wp\/v2\/posts\/59436","targetHints":{"allow":["GET"]}}],"collection":[{"href":"https:\/\/zonaroja.com.mx\/index.php?rest_route=\/wp\/v2\/posts"}],"about":[{"href":"https:\/\/zonaroja.com.mx\/index.php?rest_route=\/wp\/v2\/types\/post"}],"author":[{"embeddable":true,"href":"https:\/\/zonaroja.com.mx\/index.php?rest_route=\/wp\/v2\/users\/2"}],"replies":[{"embeddable":true,"href":"https:\/\/zonaroja.com.mx\/index.php?rest_route=%2Fwp%2Fv2%2Fcomments&post=59436"}],"version-history":[{"count":1,"href":"https:\/\/zonaroja.com.mx\/index.php?rest_route=\/wp\/v2\/posts\/59436\/revisions"}],"predecessor-version":[{"id":59437,"href":"https:\/\/zonaroja.com.mx\/index.php?rest_route=\/wp\/v2\/posts\/59436\/revisions\/59437"}],"wp:featuredmedia":[{"embeddable":true,"href":"https:\/\/zonaroja.com.mx\/index.php?rest_route=\/wp\/v2\/media\/59421"}],"wp:attachment":[{"href":"https:\/\/zonaroja.com.mx\/index.php?rest_route=%2Fwp%2Fv2%2Fmedia&parent=59436"}],"wp:term":[{"taxonomy":"category","embeddable":true,"href":"https:\/\/zonaroja.com.mx\/index.php?rest_route=%2Fwp%2Fv2%2Fcategories&post=59436"},{"taxonomy":"post_tag","embeddable":true,"href":"https:\/\/zonaroja.com.mx\/index.php?rest_route=%2Fwp%2Fv2%2Ftags&post=59436"}],"curies":[{"name":"wp","href":"https:\/\/api.w.org\/{rel}","templated":true}]}}