{"id":59438,"date":"2023-09-03T19:03:18","date_gmt":"2023-09-04T00:03:18","guid":{"rendered":"http:\/\/www.zonaroja.com.mx\/?p=59438"},"modified":"2023-09-03T19:03:20","modified_gmt":"2023-09-04T00:03:20","slug":"refrenda-poder-judicial-de-oaxaca-compromiso-con-los-valores-civicos","status":"publish","type":"post","link":"https:\/\/zonaroja.com.mx\/?p=59438","title":{"rendered":"Refrenda\u00a0Poder Judicial de Oaxaca\u00a0compromiso con los valores c\u00edvicos"},"content":{"rendered":"\n<p>Redacci\u00f3n\/Zona Roja.<\/p>\n\n\n\n<p>Oaxaca de Ju\u00e1rez, Oax., a 3 de septiembre de 2023.- En el marco de&nbsp;las actividades del&nbsp;Programa&nbsp;\u201cSeptiembre, Mes de la Patria; Mes de la Primera Transformaci\u00f3n\u201d,&nbsp;con&nbsp;motivo de&nbsp;las conmemoraciones por el 213&nbsp;Aniversario de la Independencia de M\u00e9xico,&nbsp;el Poder Judicial del Estado presidi\u00f3&nbsp;la ceremonia&nbsp;c\u00edvica de izamiento de&nbsp;la Bandera Nacional,&nbsp;en la Alameda de Le\u00f3n.<\/p>\n\n\n\n<p>Los plenos del Tribunal Superior de Justicia y del Consejo de la Judicatura,&nbsp;encabezados por el magistrado decano Crescencio Modesto Mart\u00ednez Geminiano, presidente de la Primera Sala Civil y quien asisti\u00f3 con la representaci\u00f3n del magistrado presidente Eduardo Pinacho S\u00e1nchez,&nbsp;personal jurisdiccional, administrativo, jueces y juezas,&nbsp;e integrantes de las fuerzas castrenses&nbsp;rindieron homenaje&nbsp;al L\u00e1baro Patrio honrando la memoria de quienes nos legaron&nbsp;patria y libertad.<\/p>\n\n\n\n<p>Al pronunciar el discurso oficial&nbsp;en este acto c\u00edvico, el magistrado Juan Carlos D\u00edaz Carranza,&nbsp;integrante de la Primera Sala Civil,&nbsp;destac\u00f3 que el Poder Judicial del Estado trabaja todos los d\u00edas&nbsp;en la construcci\u00f3n de&nbsp;una instituci\u00f3n fuerte, independiente&nbsp;y&nbsp;confiable; pero,&nbsp;sobre todo, a la altura de los desaf\u00edos que enfrenta Oaxaca.&nbsp;<\/p>\n\n\n\n<p>Ante&nbsp;el&nbsp;coronel&nbsp;de la Fuerza A\u00e9rea, Juan Manuel Espinoza Zamora, y el director para la Atenci\u00f3n de los Derechos Humanos del Instituto Estatal de Educaci\u00f3n P\u00fablica de Oaxaca (IEEPO), Ulises G\u00f3mez Regalado,&nbsp;indic\u00f3&nbsp;que en los \u00faltimos a\u00f1os el Poder Judicial del Estado ha alcanzado un importante grado de fortaleza institucional.<\/p>\n\n\n\n<p>Asimismo,&nbsp;puntualiz\u00f3&nbsp;que se requiere trabajar en unidad a favor del fortalecimiento de las instituciones y del Estado de Derecho como elementos indispensables para garantizar la seguridad, la paz y la justicia, con un enfoque incluyente.&nbsp;<\/p>\n\n\n\n<p>Durante este acto c\u00edvico,&nbsp;que cont\u00f3 con el acompa\u00f1amiento musical de la Octava Regi\u00f3n Militar,&nbsp;el Director para la Atenci\u00f3n de los Derechos Humanos&nbsp;del IEEPO&nbsp;dio lectura de la Proclama de Independencia de M\u00e9xico, en la que&nbsp;relat\u00f3 el mensaje que emiti\u00f3 el cura Miguel Hidalgo y Castillo al iniciar y convocar al levantamiento armado.<\/p>\n","protected":false},"excerpt":{"rendered":"<p>Redacci\u00f3n\/Zona Roja. Oaxaca de Ju\u00e1rez, Oax., a 3 de septiembre de 2023.- En el marco&hellip;<\/p>\n","protected":false},"author":2,"featured_media":59439,"comment_status":"closed","ping_status":"open","sticky":false,"template":"","format":"standard","meta":{"_lmt_disableupdate":"","_lmt_disable":"","_jetpack_memberships_contains_paid_content":false,"footnotes":""},"categories":[109,46],"tags":[223],"class_list":["post-59438","post","type-post","status-publish","format-standard","has-post-thumbnail","hentry","category-minuto-a-minuto","category-zona-blanca","tag-poder-judicial-de-oaxaca"],"jetpack_featured_media_url":"https:\/\/zonaroja.com.mx\/wp-content\/uploads\/2023\/09\/Homenaje-Poder-Judicial-Oaxaca.jpeg","jetpack_sharing_enabled":true,"_links":{"self":[{"href":"https:\/\/zonaroja.com.mx\/index.php?rest_route=\/wp\/v2\/posts\/59438","targetHints":{"allow":["GET"]}}],"collection":[{"href":"https:\/\/zonaroja.com.mx\/index.php?rest_route=\/wp\/v2\/posts"}],"about":[{"href":"https:\/\/zonaroja.com.mx\/index.php?rest_route=\/wp\/v2\/types\/post"}],"author":[{"embeddable":true,"href":"https:\/\/zonaroja.com.mx\/index.php?rest_route=\/wp\/v2\/users\/2"}],"replies":[{"embeddable":true,"href":"https:\/\/zonaroja.com.mx\/index.php?rest_route=%2Fwp%2Fv2%2Fcomments&post=59438"}],"version-history":[{"count":1,"href":"https:\/\/zonaroja.com.mx\/index.php?rest_route=\/wp\/v2\/posts\/59438\/revisions"}],"predecessor-version":[{"id":59440,"href":"https:\/\/zonaroja.com.mx\/index.php?rest_route=\/wp\/v2\/posts\/59438\/revisions\/59440"}],"wp:featuredmedia":[{"embeddable":true,"href":"https:\/\/zonaroja.com.mx\/index.php?rest_route=\/wp\/v2\/media\/59439"}],"wp:attachment":[{"href":"https:\/\/zonaroja.com.mx\/index.php?rest_route=%2Fwp%2Fv2%2Fmedia&parent=59438"}],"wp:term":[{"taxonomy":"category","embeddable":true,"href":"https:\/\/zonaroja.com.mx\/index.php?rest_route=%2Fwp%2Fv2%2Fcategories&post=59438"},{"taxonomy":"post_tag","embeddable":true,"href":"https:\/\/zonaroja.com.mx\/index.php?rest_route=%2Fwp%2Fv2%2Ftags&post=59438"}],"curies":[{"name":"wp","href":"https:\/\/api.w.org\/{rel}","templated":true}]}}