{"id":59441,"date":"2023-09-03T19:14:55","date_gmt":"2023-09-04T00:14:55","guid":{"rendered":"http:\/\/www.zonaroja.com.mx\/?p=59441"},"modified":"2023-09-03T19:14:59","modified_gmt":"2023-09-04T00:14:59","slug":"aun-sin-identificar-cuerpo-putrefacto-hallado-en-huatulco","status":"publish","type":"post","link":"https:\/\/zonaroja.com.mx\/?p=59441","title":{"rendered":"A\u00fan sin identificar, cuerpo putrefacto hallado en Huatulco"},"content":{"rendered":"\n<p>Redacci\u00f3n\/Zona Roja.<\/p>\n\n\n\n<p>Oaxaca de Ju\u00e1rez, Oax., a 3 de septiembre de 2023.- Aunque se presume que podr\u00eda tratarse del ingeniero Ra\u00fal Mart\u00ednez Morales, reportado como desaparecido, hasta ahora no ha sido identificado el cuerpo en estado de putrefacci\u00f3n y maniatado, hallado el pasado jueves.<\/p>\n\n\n\n<p>Fue el 24 de agosto en que sus familiares reportaron la desaparici\u00f3n de dicha persona en inmediaciones de la localidad de La Jabalina, perteneciente a Santa Mar\u00eda Huatulco.<\/p>\n\n\n\n<p>D\u00edas despu\u00e9s fue hallada su camioneta marca Fordo, color blanca, con placas de circulaci\u00f3n RV-4936A, en la misma zona, pero abandonada, por lo cual personal policiaco y de la Agencia Estatal de Investigaciones continu\u00f3 la b\u00fasqueda.<\/p>\n\n\n\n<p>Fue el pasado 31 de agosto en que trabajadores del Fonatur, del \u00e1rea de mantenimiento, localizaron el cad\u00e1ver, en estado de descomposici\u00f3n, por lo cual dieron aviso a las autoridades estatales.&nbsp;<\/p>\n\n\n\n<p>Tras ello, intervino personal de la Vicefiscal\u00eda Regional de la Costa y levant\u00f3 el cuerpo, atado de pies y manos, para realizar las investigaciones forenses respectivas.<\/p>\n\n\n\n<p>Una de las l\u00edneas de investigaci\u00f3n que siguen es que se trat\u00f3 de un probable secuestro. El hombre ten\u00eda 76 a\u00f1os de edad y fue visto por \u00faltima vez en la bah\u00eda de Tangolunda de Bah\u00edas de Huatulco.<\/p>\n\n\n\n<p>En tanto, los familiares y amigos del hoy occiso, exigen que se investigue a fondo el asesinato y se d\u00e9 con el o los responsables.<\/p>\n","protected":false},"excerpt":{"rendered":"<p>Redacci\u00f3n\/Zona Roja. Oaxaca de Ju\u00e1rez, Oax., a 3 de septiembre de 2023.- Aunque se presume&hellip;<\/p>\n","protected":false},"author":2,"featured_media":59442,"comment_status":"closed","ping_status":"open","sticky":false,"template":"","format":"standard","meta":{"_lmt_disableupdate":"","_lmt_disable":"","_jetpack_memberships_contains_paid_content":false,"footnotes":""},"categories":[109,47],"tags":[],"class_list":["post-59441","post","type-post","status-publish","format-standard","has-post-thumbnail","hentry","category-minuto-a-minuto","category-zona-gris"],"jetpack_featured_media_url":"https:\/\/zonaroja.com.mx\/wp-content\/uploads\/2023\/09\/Raul-Martinez-Morales.jpg","jetpack_sharing_enabled":true,"_links":{"self":[{"href":"https:\/\/zonaroja.com.mx\/index.php?rest_route=\/wp\/v2\/posts\/59441","targetHints":{"allow":["GET"]}}],"collection":[{"href":"https:\/\/zonaroja.com.mx\/index.php?rest_route=\/wp\/v2\/posts"}],"about":[{"href":"https:\/\/zonaroja.com.mx\/index.php?rest_route=\/wp\/v2\/types\/post"}],"author":[{"embeddable":true,"href":"https:\/\/zonaroja.com.mx\/index.php?rest_route=\/wp\/v2\/users\/2"}],"replies":[{"embeddable":true,"href":"https:\/\/zonaroja.com.mx\/index.php?rest_route=%2Fwp%2Fv2%2Fcomments&post=59441"}],"version-history":[{"count":1,"href":"https:\/\/zonaroja.com.mx\/index.php?rest_route=\/wp\/v2\/posts\/59441\/revisions"}],"predecessor-version":[{"id":59443,"href":"https:\/\/zonaroja.com.mx\/index.php?rest_route=\/wp\/v2\/posts\/59441\/revisions\/59443"}],"wp:featuredmedia":[{"embeddable":true,"href":"https:\/\/zonaroja.com.mx\/index.php?rest_route=\/wp\/v2\/media\/59442"}],"wp:attachment":[{"href":"https:\/\/zonaroja.com.mx\/index.php?rest_route=%2Fwp%2Fv2%2Fmedia&parent=59441"}],"wp:term":[{"taxonomy":"category","embeddable":true,"href":"https:\/\/zonaroja.com.mx\/index.php?rest_route=%2Fwp%2Fv2%2Fcategories&post=59441"},{"taxonomy":"post_tag","embeddable":true,"href":"https:\/\/zonaroja.com.mx\/index.php?rest_route=%2Fwp%2Fv2%2Ftags&post=59441"}],"curies":[{"name":"wp","href":"https:\/\/api.w.org\/{rel}","templated":true}]}}