{"id":59444,"date":"2023-09-03T21:27:38","date_gmt":"2023-09-04T02:27:38","guid":{"rendered":"http:\/\/www.zonaroja.com.mx\/?p=59444"},"modified":"2023-09-03T21:27:41","modified_gmt":"2023-09-04T02:27:41","slug":"desangelada-marcha-en-oaxaca-en-apoyo-a-xochitl-galvez","status":"publish","type":"post","link":"https:\/\/zonaroja.com.mx\/?p=59444","title":{"rendered":"Desangelada marcha en Oaxaca en apoyo a X\u00f3chitl G\u00e1lvez"},"content":{"rendered":"\n<p>Ismael Garc\u00eda M.\/Zona Roja.<\/p>\n\n\n\n<p>Oaxaca de Ju\u00e1rez, Oax., 3 de agosto de 2023.- Sin la presencia de dos de los tres partidos pol\u00edticos que participan, alrededor de 100 personas participaron hoy en la ciudad de Oaxaca en una marcha mitin en apoyo de X\u00f3chitl G\u00e1lvez Ruiz.<\/p>\n\n\n\n<p>La concentraci\u00f3n fue en el parque \u201cEl Llano\u201d, donde alrededor de las 11:00 horas parti\u00f3 hacia el jard\u00edn \u201cEl Pa\u00f1uelito\u201d, en la calle Gurri\u00f3n, unas seis cuadras.<\/p>\n\n\n\n<p>Ah\u00ed, desde una pantalla gigante, con transmisi\u00f3n del diario \u201cReforma\u201d, participaron del acto en que el Frente Amplio por M\u00e9xico declar\u00f3 a la panista G\u00e1lvez Ruiz como su pr\u00f3xima candidata presidencial.&nbsp;<\/p>\n\n\n\n<p>En este acto masivo en la Ciudad de M\u00e9xico, participaron militantes de las tres fuerzas pol\u00edticas, PAN, PRI y PRD, incluyendo sus dirigentes nacionales.<\/p>\n\n\n\n<p>Sin embargo, en el caso de Oaxaca, \u00fanicamente estuvo presente la presidenta del Comit\u00e9 Directivo Estatal panista, Perla Woolrich, adem\u00e1s del hermano un grupo reducido de blanquiazules; no hubo militantes ni representantes de perredistas y priistas.<\/p>\n\n\n\n<p>Tras ello, con escasos gritos de apoyo, culmin\u00f3 el mitin y se disolvi\u00f3 la reducida movilizaci\u00f3n, contrario a lo que ocurri\u00f3 en la mayor parte de entidades del pa\u00eds.<\/p>\n\n\n\n<p>Previo a ello, el dirigente estatal del PRI, Javier Villaca\u00f1a Jim\u00e9nez, presidi\u00f3 un desayuno-conferencia de prensa, en que habl\u00f3 del respaldo a X\u00f3chitl G\u00e1lvez Ruiz; no obstante, no hubo priistas en la marcha-mitin de hoy domingo.<\/p>\n\n\n\n<figure class=\"wp-block-embed is-type-rich is-provider-twitter wp-block-embed-twitter\"><div class=\"wp-block-embed__wrapper\">\n<div class=\"twitter-tweet\"><blockquote class=\"twitter-tweet\" data-lang=\"es\"><p lang=\"es\" dir=\"ltr\"><a href=\"https:\/\/twitter.com\/hashtag\/%C3%9AltimoMinuto?src=hash&amp;ref_src=twsrc%5Etfw\">#\u00daltimoMinuto<\/a><br>Tras una breve marcha, alrededor de 100 personas se reunieron hoy en el jard\u00edn \u201cEl Pa\u00f1uelito\u201d de la ciudad de <a href=\"https:\/\/twitter.com\/hashtag\/Oaxaca?src=hash&amp;ref_src=twsrc%5Etfw\">#Oaxaca<\/a>, para ver la transmisi\u00f3n del mitin en la Cdmx, en que el Frente Amplio por M\u00e9xico declar\u00f3 a X\u00f3chitl G\u00e1lvez Ruiz como su futura candidata\u2026 <a href=\"https:\/\/t.co\/AndCSg2lSE\">pic.twitter.com\/AndCSg2lSE<\/a><\/p>&mdash; Zona Roja Oaxaca (@ZonaRoja_Oaxaca) <a href=\"https:\/\/twitter.com\/ZonaRoja_Oaxaca\/status\/1698399671281152067?ref_src=twsrc%5Etfw\">3 de septiembre de 2023<\/a><\/blockquote><\/div>\n<\/div><\/figure>\n","protected":false},"excerpt":{"rendered":"<p>Ismael Garc\u00eda M.\/Zona Roja. Oaxaca de Ju\u00e1rez, Oax., 3 de agosto de 2023.- Sin la&hellip;<\/p>\n","protected":false},"author":2,"featured_media":59445,"comment_status":"closed","ping_status":"open","sticky":false,"template":"","format":"standard","meta":{"_lmt_disableupdate":"","_lmt_disable":"","_jetpack_memberships_contains_paid_content":false,"footnotes":""},"categories":[109,47],"tags":[3601],"class_list":["post-59444","post","type-post","status-publish","format-standard","has-post-thumbnail","hentry","category-minuto-a-minuto","category-zona-gris","tag-xochitl-galvez-ruiz"],"jetpack_featured_media_url":"https:\/\/zonaroja.com.mx\/wp-content\/uploads\/2023\/09\/Mitin-Oaxaca-Xochitl-Galvez-Ruiz.jpg","jetpack_sharing_enabled":true,"_links":{"self":[{"href":"https:\/\/zonaroja.com.mx\/index.php?rest_route=\/wp\/v2\/posts\/59444","targetHints":{"allow":["GET"]}}],"collection":[{"href":"https:\/\/zonaroja.com.mx\/index.php?rest_route=\/wp\/v2\/posts"}],"about":[{"href":"https:\/\/zonaroja.com.mx\/index.php?rest_route=\/wp\/v2\/types\/post"}],"author":[{"embeddable":true,"href":"https:\/\/zonaroja.com.mx\/index.php?rest_route=\/wp\/v2\/users\/2"}],"replies":[{"embeddable":true,"href":"https:\/\/zonaroja.com.mx\/index.php?rest_route=%2Fwp%2Fv2%2Fcomments&post=59444"}],"version-history":[{"count":1,"href":"https:\/\/zonaroja.com.mx\/index.php?rest_route=\/wp\/v2\/posts\/59444\/revisions"}],"predecessor-version":[{"id":59446,"href":"https:\/\/zonaroja.com.mx\/index.php?rest_route=\/wp\/v2\/posts\/59444\/revisions\/59446"}],"wp:featuredmedia":[{"embeddable":true,"href":"https:\/\/zonaroja.com.mx\/index.php?rest_route=\/wp\/v2\/media\/59445"}],"wp:attachment":[{"href":"https:\/\/zonaroja.com.mx\/index.php?rest_route=%2Fwp%2Fv2%2Fmedia&parent=59444"}],"wp:term":[{"taxonomy":"category","embeddable":true,"href":"https:\/\/zonaroja.com.mx\/index.php?rest_route=%2Fwp%2Fv2%2Fcategories&post=59444"},{"taxonomy":"post_tag","embeddable":true,"href":"https:\/\/zonaroja.com.mx\/index.php?rest_route=%2Fwp%2Fv2%2Ftags&post=59444"}],"curies":[{"name":"wp","href":"https:\/\/api.w.org\/{rel}","templated":true}]}}