{"id":59449,"date":"2023-09-04T09:00:00","date_gmt":"2023-09-04T14:00:00","guid":{"rendered":"http:\/\/www.zonaroja.com.mx\/?p=59449"},"modified":"2023-09-04T07:53:49","modified_gmt":"2023-09-04T12:53:49","slug":"opinion-pero-quien-designo-a-la-comisionada-estatal-de-busqueda","status":"publish","type":"post","link":"https:\/\/zonaroja.com.mx\/?p=59449","title":{"rendered":"Opini\u00f3n. \u00bfPero qui\u00e9n design\u00f3 a la comisionada Estatal de B\u00fasqueda?"},"content":{"rendered":"\n<p>Ismael Garc\u00eda M.\/Zona Roja.<\/p>\n\n\n\n<p>Oaxaca de Ju\u00e1rez, Oax., a 4 de septiembre de 2023.- Desde hace dos semanas, los morenistas se rasgan la vestidura para criticar a la titular de la Comisi\u00f3n Estatal de B\u00fasqueda de Personas, Edilberta Cruz Regino.<\/p>\n\n\n\n<p>Pero en absoluto se han puesto a analizar que fueron los propios morenistas quienes avalaron desde la 64 Legislatura del estado a la hoy funcionaria\u2026 recomendada por el priista Alejandro Avil\u00e9s \u00c1lvarez.<\/p>\n\n\n\n<p>Por supuesto, no hay absolutamente ning\u00fan resultado en ese organismo, creado por la anterior Legislatura, que tiene la encomienda de coadyuvar a la localizaci\u00f3n de personas, pero sobre todo coordinarse de manera directa con los colectivos de familiares de las v\u00edctimas.<\/p>\n\n\n\n<p>Apenas la semana pasada, dichas organizaciones de ciudadanos marcharon y criticaron los nulos resultados, pero tambi\u00e9n lo hizo el secretario de Gobierno, Jes\u00fas Romero L\u00f3pez, al precisar que no se haya por ning\u00fan lado a la se\u00f1ora Edilberta Cruz Regino, y que se pedir\u00eda su reemplazo.<\/p>\n\n\n\n<p>\u00bfQUI\u00c9N ES?<\/p>\n\n\n\n<p>Fue el 22 de junio de 2021 en que con 36 votos a favor, el pleno de la 64 Legislatura de Oaxaca, design\u00f3 a la odont\u00f3loga forense Edilberta Cruz Regino como titular de la Comisi\u00f3n Estatal de B\u00fasqueda de Personas Desaparecidas en Oaxaca.<\/p>\n\n\n\n<p>Es originaria del estado pero toda su vida profesional ha transcurrido en Morelos, donde se desempe\u00f1aba como perito en la Fiscal\u00eda General de esa entidad.<\/p>\n\n\n\n<p>Seg\u00fan su curr\u00edculo, particip\u00f3 como integrante del \u00e1rea de identificaci\u00f3n humana de Fiscal\u00eda General del Estado de Morelos, perito oficial en odontolog\u00eda forense en la fosa del pante\u00f3n de la colonia Pedro Amaro de Jojutla, Morelos, y como perito oficial en odontolog\u00eda forense en la fosa de Tetelcingo Morelos.<\/p>\n\n\n\n<p>Pero lo que no se dijo es que es hermana de Leticia Cruz Regino, esposa de Ra\u00fal Cruz, ex presidente municipal de Santa Luc\u00eda del Camino y colaborador a\u00fan de Alejandro Avil\u00e9s en el Congreso.<\/p>\n\n\n\n<p>Tampoco se dijo que el voto de los morenistas a favor de la propuesta, fue por \u201cpresiones\u201d monetarias desde el Poder Ejecutivo, con Alejandro Murat, dejando a un lado el lema obradorista de \u201cNo robar, no mentir y no traicionar al pueblo\u201d.<\/p>\n\n\n\n<p>\u00bfY SIRVE?<\/p>\n\n\n\n<p>El organismo debi\u00f3 funcionar desde el a\u00f1o 2018, cuando en abril de ese a\u00f1o fue creada la Ley General en Materia de Desaparici\u00f3n Forzada de Personas, Desaparici\u00f3n Cometida por Particulares y el Sistema Nacional de B\u00fasqueda de Personas.<\/p>\n\n\n\n<p>Al a\u00f1o siguiente, el Congreso local hizo lo propio con la aprobaci\u00f3n de la Ley en Materia de Desaparici\u00f3n de Personas para el Estado de Oaxaca, en el \u00faltimo trimestre.<\/p>\n\n\n\n<p>Pero fue hasta en junio del 2021 en que se realiz\u00f3 el proceso, totalmente simulado y en abierta burla a los colectivos de b\u00fasqueda, que supuestamente hab\u00edan sido invitados a participar en el proceso de selecci\u00f3n e incluso hab\u00edan ya consensuado con los legisladores un nombre, que no era el de Cruz Regino.<\/p>\n\n\n\n<p>\u201cCon este nombramiento qued\u00f3 formalmente instalada la Comisi\u00f3n, con ello podr\u00e1n realizarse actividades y protocolos de b\u00fasqueda, dando certeza a quienes siguen sin encontrar a sus seres queridos en Oaxaca. Este organismo tendr\u00e1 financiamiento del Fondo Nacional de B\u00fasqueda de Personas Desaparecidas y de recursos propios del Estado.<\/p>\n\n\n\n<p>\u201cEn los pr\u00f3ximos d\u00edas se conformar\u00e1 el Consejo Ciudadano, organismo con el cual se podr\u00e1n instaurar los protocolos y actividades de b\u00fasqueda en coordinaci\u00f3n con la Fiscal\u00eda General del Estado de Oaxaca y dem\u00e1s dependencias relacionadas al \u00e1rea\u201d, detall\u00f3 el Congreso local en un comunicado de prensa del 22 de junio de 2021.<\/p>\n\n\n\n<p>En la terna participaron adem\u00e1s Alejandra Cruz Miguel y Osvaldo Arturo Mijangos Ric\u00e1rdez, este \u00faltimo que hab\u00eda logrado el aval ciudadano, pero se impuso la aplanadora morenista por designio priista.<\/p>\n\n\n\n<p>LA QUEJA<\/p>\n\n\n\n<p>Hace dos semanas y tras reunirse con organizaciones de desaparecidos, la diputada morenista Liz Arroyo \u2014en abierta campa\u00f1a proselitista, que incluye espectaculares por doquier\u2014 plante\u00f3 la problem\u00e1tica en tribuna, pero sin detallar la probable malversaci\u00f3n de recursos.<\/p>\n\n\n\n<p>Tampoco se acord\u00f3 que fue la Legislatura morenista anterior, que en ese entonces presid\u00eda Laura Estrada Mauro, la que permiti\u00f3 la designaci\u00f3n de quien hoy repudian los del partido guinda.<\/p>\n\n\n\n<p>El domingo de hace ocho d\u00edas, varios colectivos de desaparecidos se unieron en el z\u00f3calo para iniciar las actividades previas al D\u00eda Internacional de las V\u00edctimas de Desaparici\u00f3n Forzada (que se conmemor\u00f3 el 30 de agosto).<\/p>\n\n\n\n<p>Ah\u00ed de nueva cuenta los colectivos recriminaron los nulos resultados de Cruz Regino; incluso en pl\u00e1tica con este columnista, aseguraron que hab\u00eda un desfalco en dos a\u00f1os de al menos 40 millones de pesos, cuyo presupuesto nadie sabe d\u00f3nde aplic\u00f3.<\/p>\n\n\n\n<p>Presuntamente alquila un domicilio como oficinas, en Santa Luc\u00eda del Camino, donde su hermana es regidora del ayuntamiento. Habr\u00eda pagado tambi\u00e9n montos millonarios para la adquisici\u00f3n de equipo de c\u00f3mputo para nadie sabe d\u00f3nde.<\/p>\n\n\n\n<p>Sobre la solicitud de su retiro, expusieron que primero han solicitado una auditor\u00eda al \u00f3rgano, para despu\u00e9s procesarla administrativamente y tras ello, pedir su dimisi\u00f3n; no obstante, fue electa en el cargo por tres a\u00f1os y le falta uno solamente.<\/p>\n\n\n\n<p>En tanto, el pasado jueves, el secretario de Gobierno, Romero L\u00f3pez, declar\u00f3 que est\u00e1n en desacuerdo en la forma de trabajo de Cruz Regino y que el gobierno la buscaba para que atendiera a los familiares de las v\u00edctimas que se quejan de su nulo trabajo.<\/p>\n\n\n\n<p>Adem\u00e1s, critic\u00f3 la forma en que fue electa (por el Congreso), si fue para darle ocupaci\u00f3n o por recomendaci\u00f3n pol\u00edtica.<\/p>\n\n\n\n<p>CIFRAS Y OMISI\u00d3N<\/p>\n\n\n\n<p>Como ocurre en todo el pa\u00eds, en Oaxaca tambi\u00e9n ocurre de manera frecuente la desaparici\u00f3n de personas, por los motivos que sean y, por cierto, la mayor\u00eda de ellos son por conflictos de car\u00e1cter familiar.<\/p>\n\n\n\n<p>La semana pasada, la Fiscal\u00eda General del Estado dio a conocer cifras acerca de la situaci\u00f3n:<\/p>\n\n\n\n<p>Desde la creaci\u00f3n de la Unidad de B\u00fasqueda de Personas No Localizadas,&nbsp; en 2011, y de la Unidad Especializada en Desaparici\u00f3n Forzada, en 2017, la Fiscal\u00eda General del Estado de Oaxaca, ha tomado conocimiento de cuatro mil 426 casos de personas reportadas como desaparecidas o No Localizadas, de las cuales se ha logrado la ubicaci\u00f3n de tres mil 890; de las cuales tres mil 826 aparecieron con vida, quedando pendiente por localizar 536 personas.<\/p>\n\n\n\n<p>Lo \u00fanico que ha cambiado en este sexenio, de acuerdo con los propios colectivos, es la atenci\u00f3n gubernamental y de la Fiscal\u00eda General del Estado, lo que no suced\u00eda con Alejandro Murat, quien los ignor\u00f3 totalmente.<\/p>\n\n\n\n<p>Ahora, conf\u00edan en que una vez superado el problema con la titular de la Comisi\u00f3n Estatal de B\u00fasqueda, se pueda designar, por fin dos a\u00f1os despu\u00e9s, el consejo ciudadano de dicho \u00f3rgano. Pero, \u00bflos morenistas seguir\u00e1n omisos y faltos de memoria? O continuar\u00e1n con su cinismo.<\/p>\n\n\n\n<p>Porque, \u00bfqu\u00e9 tanto pes\u00f3 Alejandro Avil\u00e9s \u00c1lvarez para imponer a Cruz Regino como titular de la Comisi\u00f3n de B\u00fasqueda?, pues los priistas en ese entonces apenas sumaban seis votos, de 42 legisladores.<\/p>\n\n\n\n<p>\u00bfO es que fue el \u201cpeso\u201d de la \u201crecomendaci\u00f3n\u201d de Alejandro Murat Hinojosa para que la mayor\u00eda morenista dejara pasar a la hoy funcionaria sin chistar? Los morenistas deber\u00edan pensar primero antes de abrir la boca para hacer declaraciones.<\/p>\n","protected":false},"excerpt":{"rendered":"<p>Ismael Garc\u00eda M.\/Zona Roja. Oaxaca de Ju\u00e1rez, Oax., a 4 de septiembre de 2023.- Desde&hellip;<\/p>\n","protected":false},"author":2,"featured_media":41735,"comment_status":"closed","ping_status":"open","sticky":false,"template":"","format":"standard","meta":{"_lmt_disableupdate":"","_lmt_disable":"","_jetpack_memberships_contains_paid_content":false,"footnotes":""},"categories":[456,109,48],"tags":[1353],"class_list":["post-59449","post","type-post","status-publish","format-standard","has-post-thumbnail","hentry","category-columna","category-minuto-a-minuto","category-zona-critica","tag-opinion-zona-critica"],"jetpack_featured_media_url":"https:\/\/zonaroja.com.mx\/wp-content\/uploads\/2022\/05\/Opinion-Ismael-Garcia-M.jpg","jetpack_sharing_enabled":true,"_links":{"self":[{"href":"https:\/\/zonaroja.com.mx\/index.php?rest_route=\/wp\/v2\/posts\/59449","targetHints":{"allow":["GET"]}}],"collection":[{"href":"https:\/\/zonaroja.com.mx\/index.php?rest_route=\/wp\/v2\/posts"}],"about":[{"href":"https:\/\/zonaroja.com.mx\/index.php?rest_route=\/wp\/v2\/types\/post"}],"author":[{"embeddable":true,"href":"https:\/\/zonaroja.com.mx\/index.php?rest_route=\/wp\/v2\/users\/2"}],"replies":[{"embeddable":true,"href":"https:\/\/zonaroja.com.mx\/index.php?rest_route=%2Fwp%2Fv2%2Fcomments&post=59449"}],"version-history":[{"count":1,"href":"https:\/\/zonaroja.com.mx\/index.php?rest_route=\/wp\/v2\/posts\/59449\/revisions"}],"predecessor-version":[{"id":59450,"href":"https:\/\/zonaroja.com.mx\/index.php?rest_route=\/wp\/v2\/posts\/59449\/revisions\/59450"}],"wp:featuredmedia":[{"embeddable":true,"href":"https:\/\/zonaroja.com.mx\/index.php?rest_route=\/wp\/v2\/media\/41735"}],"wp:attachment":[{"href":"https:\/\/zonaroja.com.mx\/index.php?rest_route=%2Fwp%2Fv2%2Fmedia&parent=59449"}],"wp:term":[{"taxonomy":"category","embeddable":true,"href":"https:\/\/zonaroja.com.mx\/index.php?rest_route=%2Fwp%2Fv2%2Fcategories&post=59449"},{"taxonomy":"post_tag","embeddable":true,"href":"https:\/\/zonaroja.com.mx\/index.php?rest_route=%2Fwp%2Fv2%2Ftags&post=59449"}],"curies":[{"name":"wp","href":"https:\/\/api.w.org\/{rel}","templated":true}]}}