{"id":5945,"date":"2019-11-21T09:19:50","date_gmt":"2019-11-21T15:19:50","guid":{"rendered":"http:\/\/www.zonaroja.com.mx\/?p=5945"},"modified":"2019-11-21T09:19:53","modified_gmt":"2019-11-21T15:19:53","slug":"denuncian-a-prepotente-y-violento-de-elemento-de-la-aei-en-la-region-del-istmo","status":"publish","type":"post","link":"https:\/\/zonaroja.com.mx\/?p=5945","title":{"rendered":"Denuncian a prepotente y violento de elemento de la AEI en la regi\u00f3n del Istmo"},"content":{"rendered":"\n<p>Redacci\u00f3n\/Zona\nRoja.<\/p>\n\n\n\n<p>Oaxaca de\nJu\u00e1rez, Oax., 21 de noviembre de 2019.- Un elemento de la Agencia Estatal de\nInvestigaciones (AEI) fue grabado en video y denunciado en redes sociales,\nluego de que tratara de abusar de su investidura para intimidar a un ciudadano\nen el municipio de Mat\u00edas Romero, perteneciente a la regi\u00f3n del Istmo de Tehuantepec.<\/p>\n\n\n\n<p>El video con\nduraci\u00f3n de cuatro minutos expone al agente que a la fuerza intenta bajar de su\nunidad de motor a una persona, quien de inmediato comienza a grabar con su\ncelular para dejar constancia del actuar del empleado de la Fiscal\u00eda General\ndel Estado de Oaxaca.<\/p>\n\n\n\n<p>&#8211;\u00bfPor qu\u00e9\nte pones en ese plan? Estamos haciendo nuestro trabajo tambi\u00e9n, carnal.<\/p>\n\n\n\n<p>&#8211;S\u00ed pues,\npero por qu\u00e9 abres mi puerta, \u00bfno puedes preguntarme que me identifique?, \u00bfno\npuedes decir eso?<\/p>\n\n\n\n<p>&#8211;Ya est\u00e1\ndiciendo mi compa\u00f1ero que te identifiques<\/p>\n\n\n\n<p>&#8211;Ah, \u00bfte\nestas poniendo agresivo t\u00fa?<\/p>\n\n\n\n<p>&#8211;S\u00ed, te\nvale madres, a m\u00ed me vale verga y si quiero ahorita te reviento tu madre g\u00fcey,\npinche vato pendejo.<\/p>\n\n\n\n<p>&#8211;\u00bfSeguro?<\/p>\n\n\n\n<p>&#8211;S\u00ed g\u00fcey, as\u00ed de huevos \u2013responde el elemento de la AEI.<\/p>\n\n\n\n<figure class=\"wp-block-embed-twitter wp-block-embed is-type-rich is-provider-twitter\"><div class=\"wp-block-embed__wrapper\">\n<div class=\"twitter-tweet\"><blockquote class=\"twitter-tweet\" data-lang=\"es\"><p lang=\"es\" dir=\"ltr\"><a href=\"https:\/\/twitter.com\/hashtag\/OaxacaRojo?src=hash&amp;ref_src=twsrc%5Etfw\">#OaxacaRojo<\/a><br>Y mientras en zona de conflicto no va o no llega a tiempo, as\u00ed la\u201dpreparaci\u00f3n\u201d y prepotencia del personal de la <a href=\"https:\/\/twitter.com\/AEI_Oaxaca?ref_src=twsrc%5Etfw\">@AEI_Oaxaca<\/a>, de la <a href=\"https:\/\/twitter.com\/FISCALIA_GobOax?ref_src=twsrc%5Etfw\">@FISCALIA_GobOax<\/a>\u201d, en Mat\u00edas Romero. \u201cTe vale madre&#8230; me vale ver&#8230; y si quiero te reviento tu madre\u201d&#8230; <a href=\"https:\/\/t.co\/0PgNlzUNTg\">pic.twitter.com\/0PgNlzUNTg<\/a><\/p>&mdash; Zona Roja Oaxaca (@MexRoja) <a href=\"https:\/\/twitter.com\/MexRoja\/status\/1196924125459165184?ref_src=twsrc%5Etfw\">19 de noviembre de 2019<\/a><\/blockquote><\/div>\n<\/div><\/figure>\n\n\n\n<p>Es parte de\nlo que se puede escuchar y ver en el video en donde queda registr\u00f3 del actuar\ndel agente que porta su placa colgada en el cuello y su pistola a un costado de\nsu cuerpo entre su pantal\u00f3n, de las cuales se despoja por un momento para\namenazar con iniciar los golpes en contra del ciudadano.<\/p>\n\n\n\n<p>&#8211;\u00bfPor qu\u00e9\neste cuate se pone pendejo?<\/p>\n\n\n\n<p>&#8211;\u00bfC\u00f3mo me\ndijiste?<\/p>\n\n\n\n<p>&#8211;Madr\u00e9ame,\nno hay pedo, pero con huevos. S\u00e1came la pistola<\/p>\n\n\n\n<p>&#8211;No\ncarnalito a putazos.<\/p>\n\n\n\n<p>Se escucha\nmientras el agente se quita la placa y la pistola para irse encima del\nciudadano, aunque es detenido por sus compa\u00f1eros que lo intentan calmar en todo\nmomento.<\/p>\n\n\n\n<p>No obstante\nque el agente nunca se identific\u00f3, pese a las reiteradas ocasiones en las que\nse le solicit\u00f3, fue identificado a trav\u00e9s de las redes sociales como Rafael\nValent\u00edn, con n\u00famero de placa 0246, mejor conocido como \u201cEl Pirata\u201d, quien de\nacuerdo con la informaci\u00f3n, cuenta con un negro historial de violaciones a\nderechos humanos incluso se le conoce por ejercer violencia en contra de las\nmujeres.<\/p>\n\n\n\n<p>El video\npone de manifiesto el abuso de autoridad, el comportamiento agresivo, la falta\nde aplicaci\u00f3n de protocolos y la violaci\u00f3n a los derechos humanos por parte del\nelemento de la AEI, raz\u00f3n por la que aseguran a trav\u00e9s de las redes sociales la\nFiscal\u00eda General del Estado tendr\u00eda que aplicar las sanciones correspondientes.<\/p>\n\n\n\n<p>\u201cEspero que\na los altos mandos les interese este asunto y procedan como corresponde, as\u00ed\ncomo al Fiscal General, este tipo de elementos no deber\u00edan estar trabajando en\nla Procuraci\u00f3n de Justicia\u201d, cita un mensaje difundido luego de los hechos que\nse registraron el d\u00eda lunes 18 de noviembre en el municipio de Mat\u00edas Romero.<\/p>\n","protected":false},"excerpt":{"rendered":"<p>Redacci\u00f3n\/Zona Roja. Oaxaca de Ju\u00e1rez, Oax., 21 de noviembre de 2019.- Un elemento de la&hellip;<\/p>\n","protected":false},"author":2,"featured_media":5946,"comment_status":"closed","ping_status":"open","sticky":false,"template":"","format":"standard","meta":{"_lmt_disableupdate":"","_lmt_disable":"","_jetpack_memberships_contains_paid_content":false,"footnotes":""},"categories":[109,51],"tags":[82,494],"class_list":["post-5945","post","type-post","status-publish","format-standard","has-post-thumbnail","hentry","category-minuto-a-minuto","category-zona-roja","tag-agencia-estatal-de-investigaciones","tag-fiscalia-general-del-estado-de-oaxaca"],"jetpack_featured_media_url":"https:\/\/zonaroja.com.mx\/wp-content\/uploads\/2019\/11\/AEI-3.jpg","jetpack_sharing_enabled":true,"_links":{"self":[{"href":"https:\/\/zonaroja.com.mx\/index.php?rest_route=\/wp\/v2\/posts\/5945","targetHints":{"allow":["GET"]}}],"collection":[{"href":"https:\/\/zonaroja.com.mx\/index.php?rest_route=\/wp\/v2\/posts"}],"about":[{"href":"https:\/\/zonaroja.com.mx\/index.php?rest_route=\/wp\/v2\/types\/post"}],"author":[{"embeddable":true,"href":"https:\/\/zonaroja.com.mx\/index.php?rest_route=\/wp\/v2\/users\/2"}],"replies":[{"embeddable":true,"href":"https:\/\/zonaroja.com.mx\/index.php?rest_route=%2Fwp%2Fv2%2Fcomments&post=5945"}],"version-history":[{"count":1,"href":"https:\/\/zonaroja.com.mx\/index.php?rest_route=\/wp\/v2\/posts\/5945\/revisions"}],"predecessor-version":[{"id":5947,"href":"https:\/\/zonaroja.com.mx\/index.php?rest_route=\/wp\/v2\/posts\/5945\/revisions\/5947"}],"wp:featuredmedia":[{"embeddable":true,"href":"https:\/\/zonaroja.com.mx\/index.php?rest_route=\/wp\/v2\/media\/5946"}],"wp:attachment":[{"href":"https:\/\/zonaroja.com.mx\/index.php?rest_route=%2Fwp%2Fv2%2Fmedia&parent=5945"}],"wp:term":[{"taxonomy":"category","embeddable":true,"href":"https:\/\/zonaroja.com.mx\/index.php?rest_route=%2Fwp%2Fv2%2Fcategories&post=5945"},{"taxonomy":"post_tag","embeddable":true,"href":"https:\/\/zonaroja.com.mx\/index.php?rest_route=%2Fwp%2Fv2%2Ftags&post=5945"}],"curies":[{"name":"wp","href":"https:\/\/api.w.org\/{rel}","templated":true}]}}