{"id":59451,"date":"2023-09-04T08:09:19","date_gmt":"2023-09-04T13:09:19","guid":{"rendered":"http:\/\/www.zonaroja.com.mx\/?p=59451"},"modified":"2023-09-04T08:09:22","modified_gmt":"2023-09-04T13:09:22","slug":"logra-la-fiscalia-vinculacion-a-proceso-de-dos-sujetos-en-la-region-cuenca","status":"publish","type":"post","link":"https:\/\/zonaroja.com.mx\/?p=59451","title":{"rendered":"Logra la Fiscal\u00eda vinculaci\u00f3n a proceso de dos sujetos en la regi\u00f3n Cuenca"},"content":{"rendered":"\n<p>Redacci\u00f3n\/Zona Roja.<\/p>\n\n\n\n<p>Oaxaca de Ju\u00e1rez, Oax., a 4 de septiembre de 2023.- El trabajo con perspectiva de g\u00e9nero que realiza la Fiscal\u00eda General del Estado de Oaxaca (FGEO) dio como resultado la vinculaci\u00f3n a proceso de J. J. C., persona del sexo masculino imputada por el delito de Violaci\u00f3n Agravada cometida en agravio de una adolescente, en la regi\u00f3n de la Cuenca del Papaloapan.<\/p>\n\n\n\n<p>De acuerdo con la causa penal del caso, los hechos sucedieron el 10 de mayo de 2023, cuando la v\u00edctima se encontraba en un domicilio particular localizado en la Secci\u00f3n Cuarta del municipio de San Lucas Ojitl\u00e1n.<\/p>\n\n\n\n<p>En el sitio, la adolescente sufri\u00f3 una agresi\u00f3n sexual que, de acuerdo con el C\u00f3digo Penal Vigente del Estado de Oaxaca, se configura en la comisi\u00f3n del delito de Violaci\u00f3n Agravada.<\/p>\n\n\n\n<p>La FGEO tom\u00f3 conocimiento de los hechos a partir de la denuncia realizada por la v\u00edctima, con el apoyo de su familia, por lo que se iniciaron las investigaciones correspondientes que corren a cargo de la Vicefiscal\u00eda Regional de la Cuenca que obtuvo la orden de aprehensi\u00f3n por la que fue posible la captura del imputado.<\/p>\n\n\n\n<p>Tras la detenci\u00f3n de J. J. C., este fue presentado ante el Juez que atiende la causa, quien evalu\u00f3 los datos de prueba aportados por el Ministerio P\u00fablico y dict\u00f3 auto de vinculaci\u00f3n a proceso en su contra por le delito de Violaci\u00f3n Agravada, por lo que impuso prisi\u00f3n preventiva como medida cautelar y otorg\u00f3 un mes u medio para el cierre de la investigaci\u00f3n.<\/p>\n\n\n\n<p>La Fiscal\u00eda de Oaxaca cuenta con equipos especializados que realizan labores ministeriales apegados a la perspectiva de g\u00e9nero, lo cual hace posible que las v\u00edctimas tengan una atenci\u00f3n integral y acompa\u00f1amiento en el proceso de procuraci\u00f3n de justicia.<\/p>\n\n\n\n<p>OTRO POR ASALTO<\/p>\n\n\n\n<p>En otro caso, la Fiscal\u00eda General del Estado obtuvo auto de vinculaci\u00f3n a proceso en contra de una persona del sexo masculino identificada como O. M. A., por el delito de Robo Calificado en agravio de un OXXO, cometido en la regi\u00f3n de la Cuenca del Papaloapan.<\/p>\n\n\n\n<p>Los hechos criminales sucedieron el 7 de agosto de 2023, en una sucursal de la cadena de tiendas de conveniencia llamadas OXXO S.A. de C.V., la cual est\u00e1 ubicada en la colonia El Rub\u00ed, en San Juan Bautista Tuxtepec, la cual fue asaltada con violencia.<\/p>\n\n\n\n<p>Luego de la comisi\u00f3n del delito, la Polic\u00eda Municipal de Tuxtepec intervino oportunamente, logrando la detenci\u00f3n en flagrancia de O. M. A., quien inmediatamente despu\u00e9s fue presentado ante la autoridad ministerial correspondiente.<\/p>\n\n\n\n<p>Cuando la Fiscal\u00eda tom\u00f3 conocimiento de los hechos, intervino a trav\u00e9s de la Vicefiscal\u00eda Regional de la Cuenca, que realiz\u00f3 las investigaciones que, luego de ser presentadas ante el Juez que atiende la causa, permitieron obtener auto de vinculaci\u00f3n a proceso en contra de O. M. A., por el delito de Robo Calificado con Violencia Moral, por lo que impusieron prisi\u00f3n preventiva como medida cautelar, adem\u00e1s que otorgaron un mes para el cierre de la investigaci\u00f3n complementaria.<\/p>\n\n\n\n<p>La Fiscal\u00eda de Oaxaca realiza los trabajos necesarios y oportunos para que la procuraci\u00f3n de justicia sea el canal legal para que las v\u00edctimas tengan acceso pleno a la justicia.<\/p>\n","protected":false},"excerpt":{"rendered":"<p>Redacci\u00f3n\/Zona Roja. Oaxaca de Ju\u00e1rez, Oax., a 4 de septiembre de 2023.- El trabajo con&hellip;<\/p>\n","protected":false},"author":2,"featured_media":48536,"comment_status":"closed","ping_status":"open","sticky":false,"template":"","format":"standard","meta":{"_lmt_disableupdate":"","_lmt_disable":"","_jetpack_memberships_contains_paid_content":false,"footnotes":""},"categories":[109,46],"tags":[494],"class_list":["post-59451","post","type-post","status-publish","format-standard","has-post-thumbnail","hentry","category-minuto-a-minuto","category-zona-blanca","tag-fiscalia-general-del-estado-de-oaxaca"],"jetpack_featured_media_url":"https:\/\/zonaroja.com.mx\/wp-content\/uploads\/2022\/11\/Carcel-prision-separos-detenido-1.jpeg","jetpack_sharing_enabled":true,"_links":{"self":[{"href":"https:\/\/zonaroja.com.mx\/index.php?rest_route=\/wp\/v2\/posts\/59451","targetHints":{"allow":["GET"]}}],"collection":[{"href":"https:\/\/zonaroja.com.mx\/index.php?rest_route=\/wp\/v2\/posts"}],"about":[{"href":"https:\/\/zonaroja.com.mx\/index.php?rest_route=\/wp\/v2\/types\/post"}],"author":[{"embeddable":true,"href":"https:\/\/zonaroja.com.mx\/index.php?rest_route=\/wp\/v2\/users\/2"}],"replies":[{"embeddable":true,"href":"https:\/\/zonaroja.com.mx\/index.php?rest_route=%2Fwp%2Fv2%2Fcomments&post=59451"}],"version-history":[{"count":1,"href":"https:\/\/zonaroja.com.mx\/index.php?rest_route=\/wp\/v2\/posts\/59451\/revisions"}],"predecessor-version":[{"id":59452,"href":"https:\/\/zonaroja.com.mx\/index.php?rest_route=\/wp\/v2\/posts\/59451\/revisions\/59452"}],"wp:featuredmedia":[{"embeddable":true,"href":"https:\/\/zonaroja.com.mx\/index.php?rest_route=\/wp\/v2\/media\/48536"}],"wp:attachment":[{"href":"https:\/\/zonaroja.com.mx\/index.php?rest_route=%2Fwp%2Fv2%2Fmedia&parent=59451"}],"wp:term":[{"taxonomy":"category","embeddable":true,"href":"https:\/\/zonaroja.com.mx\/index.php?rest_route=%2Fwp%2Fv2%2Fcategories&post=59451"},{"taxonomy":"post_tag","embeddable":true,"href":"https:\/\/zonaroja.com.mx\/index.php?rest_route=%2Fwp%2Fv2%2Ftags&post=59451"}],"curies":[{"name":"wp","href":"https:\/\/api.w.org\/{rel}","templated":true}]}}