{"id":59455,"date":"2023-09-04T10:26:00","date_gmt":"2023-09-04T15:26:00","guid":{"rendered":"http:\/\/www.zonaroja.com.mx\/?p=59455"},"modified":"2023-09-04T08:32:12","modified_gmt":"2023-09-04T13:32:12","slug":"a-conquistar-el-mundo-soprano-mixe-tiene-serie-de-conciertos-en-eu","status":"publish","type":"post","link":"https:\/\/zonaroja.com.mx\/?p=59455","title":{"rendered":"\u00a1A conquistar el mundo! Soprano Mixe tiene serie de conciertos en EU"},"content":{"rendered":"\n<p>Yuridiana Sosa\/Zona Roja.<\/p>\n\n\n\n<p>Oaxaca de Ju\u00e1rez, Oax., a 4 de septiembre de 2023.- La soprano Mixe Mar\u00eda Reyna sigue cosechando \u00e9xitos a trav\u00e9s de su inigualable y potente voz, y antes que cierre el a\u00f1o realizar\u00e1 su gira \u201cOrgullosa, soy ra\u00edz\u201d por Estados Unidos de Norteam\u00e9rica, desde septiembre hasta noviembre.<\/p>\n\n\n\n<p>La cantante oaxaque\u00f1a, originaria de Santa Mar\u00eda Tlahuitoltepec, tendr\u00e1 al menos 20 presentaciones por una docena de ciudades de Estados Unidos y en la frontera de M\u00e9xico.<\/p>\n\n\n\n<p>En septiembre, se presentar\u00e1 en Seatle, Washington, el d\u00eda 15, 16 y 17; en Denver, Colorado, el 21 y en una segunda vuelta, en Seatle, el 23 y 24.<\/p>\n\n\n\n<p>En octubre, el d\u00eda 8 en Ensenada, Baja California; el 9 en San Diego, California; 21, 22 en Dayton, Ohio; el 27 en Oxnard, California y 29 en Los \u00c1ngeles, California.<\/p>\n\n\n\n<p>As\u00ed tambi\u00e9n, cerrar\u00e1 el a\u00f1o con presentaciones en noviembre. El d\u00eda 8 en Kennette; el 10 y 11 Philadelphia; el 12 en Wilmington y los d\u00edas 20, 21 y 22 en New York.<\/p>\n\n\n\n<p>Este tour es parte de sus \u00faltimos frutos de una larga e intensa trayectoria de m\u00e1s de 15 a\u00f1os, en la que ha podido versificar su voz en diferentes g\u00e9neros, desde lo m\u00e1s popular en sus inicios, pasando por el bolero, el jazz, y la \u00f3pera, la que explot\u00f3 para crear la \u00f3pera mixe.&nbsp;<\/p>\n\n\n\n<p>Otro de sus frutos es la grabaci\u00f3n de un nuevo material. Recientemente public\u00f3 en sus cuentas oficiales el inicio de su trabajo en estudios de grabaci\u00f3n.<\/p>\n\n\n\n<p>Adem\u00e1s, este 2 de septiembre su documental \u201cYo Soy la Reyna\u201d, que recibi\u00f3 menci\u00f3n honor\u00edfica ser\u00e1 proyectado en la Cineteca Nacional, como parte de la Competencia Nacional de Documental.<\/p>\n\n\n\n<p>\u201cYo soy la Reyna\u201d, cuenta la vida de la soprano mixe, el cual se estren\u00f3 de manera internacional en agosto durante el el Festival DOCA de Argentina.<\/p>\n\n\n\n<p>El documental tuvo como escenario la comunidad de Santa Mar\u00eda Tlahuitoltepec, Mixe y otras locaciones de Oaxaca, y fue dirigido por el espa\u00f1ol Roberto Salvador.&nbsp;<\/p>\n\n\n\n<p>La cantante, a su vez se ha convertido en una fiel y apasionada promotora de la cultura oaxaque\u00f1a, principalmente de su natal Tlahuitoltepec.<\/p>\n","protected":false},"excerpt":{"rendered":"<p>Yuridiana Sosa\/Zona Roja. Oaxaca de Ju\u00e1rez, Oax., a 4 de septiembre de 2023.- La soprano&hellip;<\/p>\n","protected":false},"author":2,"featured_media":59456,"comment_status":"closed","ping_status":"open","sticky":false,"template":"","format":"standard","meta":{"_lmt_disableupdate":"","_lmt_disable":"","_jetpack_memberships_contains_paid_content":false,"footnotes":""},"categories":[109,46],"tags":[1273],"class_list":["post-59455","post","type-post","status-publish","format-standard","has-post-thumbnail","hentry","category-minuto-a-minuto","category-zona-blanca","tag-soprano-maria-reyna"],"jetpack_featured_media_url":"https:\/\/zonaroja.com.mx\/wp-content\/uploads\/2023\/09\/Soprano-Mixe-Maria-Reyna.jpeg","jetpack_sharing_enabled":true,"_links":{"self":[{"href":"https:\/\/zonaroja.com.mx\/index.php?rest_route=\/wp\/v2\/posts\/59455","targetHints":{"allow":["GET"]}}],"collection":[{"href":"https:\/\/zonaroja.com.mx\/index.php?rest_route=\/wp\/v2\/posts"}],"about":[{"href":"https:\/\/zonaroja.com.mx\/index.php?rest_route=\/wp\/v2\/types\/post"}],"author":[{"embeddable":true,"href":"https:\/\/zonaroja.com.mx\/index.php?rest_route=\/wp\/v2\/users\/2"}],"replies":[{"embeddable":true,"href":"https:\/\/zonaroja.com.mx\/index.php?rest_route=%2Fwp%2Fv2%2Fcomments&post=59455"}],"version-history":[{"count":1,"href":"https:\/\/zonaroja.com.mx\/index.php?rest_route=\/wp\/v2\/posts\/59455\/revisions"}],"predecessor-version":[{"id":59457,"href":"https:\/\/zonaroja.com.mx\/index.php?rest_route=\/wp\/v2\/posts\/59455\/revisions\/59457"}],"wp:featuredmedia":[{"embeddable":true,"href":"https:\/\/zonaroja.com.mx\/index.php?rest_route=\/wp\/v2\/media\/59456"}],"wp:attachment":[{"href":"https:\/\/zonaroja.com.mx\/index.php?rest_route=%2Fwp%2Fv2%2Fmedia&parent=59455"}],"wp:term":[{"taxonomy":"category","embeddable":true,"href":"https:\/\/zonaroja.com.mx\/index.php?rest_route=%2Fwp%2Fv2%2Fcategories&post=59455"},{"taxonomy":"post_tag","embeddable":true,"href":"https:\/\/zonaroja.com.mx\/index.php?rest_route=%2Fwp%2Fv2%2Ftags&post=59455"}],"curies":[{"name":"wp","href":"https:\/\/api.w.org\/{rel}","templated":true}]}}