{"id":59462,"date":"2023-09-04T16:09:00","date_gmt":"2023-09-04T21:09:00","guid":{"rendered":"http:\/\/www.zonaroja.com.mx\/?p=59462"},"modified":"2023-09-04T09:11:58","modified_gmt":"2023-09-04T14:11:58","slug":"combustibles-fosiles-82-del-consumo-de-energia-mundial","status":"publish","type":"post","link":"https:\/\/zonaroja.com.mx\/?p=59462","title":{"rendered":"Combustibles f\u00f3siles, 82% del consumo de energ\u00eda mundial"},"content":{"rendered":"\n<p>Redacci\u00f3n\/Zona Roja Cdmx.<\/p>\n\n\n\n<p>Ciudad de M\u00e9xico, a 4 de septiembre de 2023.- La dependencia del petr\u00f3leo a nivel global se mantendr\u00e1 por lo menos hasta 2045, no s\u00f3lo por ser el principal combustible f\u00f3sil, sino porque representa un insumo esencial para las actividades humanas, por lo que si desapareciera se observar\u00edan colapsos en varios sectores y la pobreza energ\u00e9tica aumentar\u00eda, se\u00f1al\u00f3 el secretario general de la Organizaci\u00f3n de Pa\u00edses Exportadores de Petr\u00f3leo (OPEP), Haitham Al Ghais.<\/p>\n\n\n\n<p>El funcionario destac\u00f3 que un reporte sobre energ\u00eda mundial de 2022, que fue realizado por el Energy Institute y las consultoras KPMG y Kearney, mostr\u00f3 que los combustibles f\u00f3siles constituyeron 82 por ciento de la energ\u00eda utilizada el a\u00f1o pasado, proporci\u00f3n que no ha mostrado mayor variaci\u00f3n respecto a 30 a\u00f1os antes.<\/p>\n\n\n\n<p>En un art\u00edculo publicado en CNBC el 30 de agosto, Al Ghais refiere que la OPEP estima que la demanda de crudo aumentar\u00e1 en 2045 a cerca de 110 millones de barriles por d\u00eda, debido a que los requerimientos de energ\u00eda observar\u00e1n un incremento de 23 por ciento como consecuencia del crecimiento poblacional.<\/p>\n\n\n\n<p>Ante estas previsiones, el petr\u00f3leo seguir\u00e1 siendo en las siguientes d\u00e9cadas \u201cuna parte esencial de la infraestructura energ\u00e9tica mundial\u201d.<\/p>\n\n\n\n<p>Las proyecciones mencionadas por Al Ghais son coincidentes con las expresadas a La Jornada (https:\/\/shorturl.at\/tuCM4) por la Secretar\u00eda de Energ\u00eda (Sener), las cuales contemplan que \u201cser\u00e1 hasta el 2050 o 2060 que dejemos de consumir combustibles f\u00f3siles\u201d.<\/p>\n\n\n\n<p>Aunque el secretario general de la OPEP reconoce la magnitud del desaf\u00edo del cambio clim\u00e1tico, tambi\u00e9n subray\u00f3 que esta lucha no debe estar separada de la creciente demanda energ\u00e9tica global.<\/p>\n\n\n\n<p>El funcionario destac\u00f3 que es necesario reducir las emisiones y garantizar a la poblaci\u00f3n el acceso a servicios y mercanc\u00edas que utilizan o se producen a partir de derivados del crudo.<\/p>\n\n\n\n<p>Explic\u00f3 que la organizaci\u00f3n que representa invierte para descarbonizar a la industria petrolera, pero tambi\u00e9n en energ\u00edas renovables.<\/p>\n\n\n\n<p>\u201cEs posible realizar fuertes inversiones en energ\u00edas renovables y seguir produciendo petr\u00f3leo.\u201d<\/p>\n\n\n\n<p>Al Ghais dijo que una visi\u00f3n as\u00ed, permite estabilidad en una era de volatilidad, pero tambi\u00e9n es fundamental, puesto que la historia ha mostrado que las transiciones energ\u00e9ticas se desarrollan a trav\u00e9s de los a\u00f1os, es decir, no son inmediatas.<\/p>\n\n\n\n<p>Ejemplo de ello, dijo, se observa en las ventas de autom\u00f3viles h\u00edbridos o el\u00e9ctricos, cuyos n\u00fameros son a\u00fan bajos en Estados Unidos, China y la Uni\u00f3n Europea, comparados con las ventas de veh\u00edculos que utilizan gasolinas.<\/p>\n\n\n\n<p>Al Ghais consider\u00f3 que no es prudente ignorar que miles de millones de personas dependen del petr\u00f3leo y lo seguir\u00e1n haciendo, dado que productos como pastas dentales, lentes de contacto, computadoras o extremidades artificiales, se elaboran a partir de derivados del crudo.<\/p>\n\n\n\n<p>Coment\u00f3 que si desapareciera el petr\u00f3leo, no s\u00f3lo se paralizar\u00eda el transporte, sino que se colapsar\u00edan las cadenas de suministro y la pobreza energ\u00e9tica aumentar\u00eda.<\/p>\n\n\n\n<p>Seg\u00fan la ONU, \u201cm\u00e1s de 700 millones de personas carecen de acceso a la electricidad\u201d.<\/p>\n","protected":false},"excerpt":{"rendered":"<p>Redacci\u00f3n\/Zona Roja Cdmx. Ciudad de M\u00e9xico, a 4 de septiembre de 2023.- La dependencia del&hellip;<\/p>\n","protected":false},"author":2,"featured_media":9692,"comment_status":"closed","ping_status":"open","sticky":false,"template":"","format":"standard","meta":{"_lmt_disableupdate":"","_lmt_disable":"","_jetpack_memberships_contains_paid_content":false,"footnotes":""},"categories":[109,47],"tags":[],"class_list":["post-59462","post","type-post","status-publish","format-standard","has-post-thumbnail","hentry","category-minuto-a-minuto","category-zona-gris"],"jetpack_featured_media_url":"https:\/\/zonaroja.com.mx\/wp-content\/uploads\/2020\/03\/Petr\u00f3leo.jpg","jetpack_sharing_enabled":true,"_links":{"self":[{"href":"https:\/\/zonaroja.com.mx\/index.php?rest_route=\/wp\/v2\/posts\/59462","targetHints":{"allow":["GET"]}}],"collection":[{"href":"https:\/\/zonaroja.com.mx\/index.php?rest_route=\/wp\/v2\/posts"}],"about":[{"href":"https:\/\/zonaroja.com.mx\/index.php?rest_route=\/wp\/v2\/types\/post"}],"author":[{"embeddable":true,"href":"https:\/\/zonaroja.com.mx\/index.php?rest_route=\/wp\/v2\/users\/2"}],"replies":[{"embeddable":true,"href":"https:\/\/zonaroja.com.mx\/index.php?rest_route=%2Fwp%2Fv2%2Fcomments&post=59462"}],"version-history":[{"count":1,"href":"https:\/\/zonaroja.com.mx\/index.php?rest_route=\/wp\/v2\/posts\/59462\/revisions"}],"predecessor-version":[{"id":59463,"href":"https:\/\/zonaroja.com.mx\/index.php?rest_route=\/wp\/v2\/posts\/59462\/revisions\/59463"}],"wp:featuredmedia":[{"embeddable":true,"href":"https:\/\/zonaroja.com.mx\/index.php?rest_route=\/wp\/v2\/media\/9692"}],"wp:attachment":[{"href":"https:\/\/zonaroja.com.mx\/index.php?rest_route=%2Fwp%2Fv2%2Fmedia&parent=59462"}],"wp:term":[{"taxonomy":"category","embeddable":true,"href":"https:\/\/zonaroja.com.mx\/index.php?rest_route=%2Fwp%2Fv2%2Fcategories&post=59462"},{"taxonomy":"post_tag","embeddable":true,"href":"https:\/\/zonaroja.com.mx\/index.php?rest_route=%2Fwp%2Fv2%2Ftags&post=59462"}],"curies":[{"name":"wp","href":"https:\/\/api.w.org\/{rel}","templated":true}]}}