{"id":59464,"date":"2023-09-04T16:56:21","date_gmt":"2023-09-04T21:56:21","guid":{"rendered":"http:\/\/www.zonaroja.com.mx\/?p=59464"},"modified":"2023-09-04T16:56:23","modified_gmt":"2023-09-04T21:56:23","slug":"como-en-dinamarca-en-hospital-de-oaxaca-tenian-a-neonato-en-caja-de-carton","status":"publish","type":"post","link":"https:\/\/zonaroja.com.mx\/?p=59464","title":{"rendered":"Como en Dinamarca: en hospital de Oaxaca ten\u00edan a neonato en caja de cart\u00f3n\u00a0"},"content":{"rendered":"\n<p>&nbsp;Redacci\u00f3n\/Zona Roja.<\/p>\n\n\n\n<p>Oaxaca de Ju\u00e1rez, Oax. 4 de septiembre de 2023.- Un reci\u00e9n nacido fue trasladado en una caja de cart\u00f3n, en lugar de una cuna, en el Hospital General \u201cDr. Aurelio Valdivieso\u201d de la ciudad de Oaxaca.<\/p>\n\n\n\n<p>En redes sociales se viraliz\u00f3 una fotograf\u00eda en que se muestra al menor en su caja, cubierta con una s\u00e1bana blanca, y el cuerpo con una s\u00e1bana roja.<\/p>\n\n\n\n<p>El hecho ocurri\u00f3 el pasado domingo y tras la difusi\u00f3n, el gobierno de Oaxaca inform\u00f3 que fue cesado un funcionario de los Servicios de Salud, dependencia responsable del nosocomio.<\/p>\n\n\n\n<p>\u201cDerivado de las im\u00e1genes que circularon en redes sociales en las que se aprecia a un reci\u00e9n nacido en el interior de una caja de cart\u00f3n en el Hospital Civil \u2018Doctor Aurelio Valdivieso\u2019, por instrucciones del gobernador Salom\u00f3n Jara Cruz, la secretaria de Salud Alma Lilia Velasco Hern\u00e1ndez inform\u00f3 que se determin\u00f3 destituir al subdirector General de este nosocomio quien se encontraba de guardia el d\u00eda que ocurrieron los hechos\u201d.<\/p>\n\n\n\n<p>Detall\u00f3 que tras investigaciones, se detect\u00f3 que el domingo 3 de septiembre se ten\u00eda la capacidad de cinco tipos de cuneros para la atenci\u00f3n del \u00c1rea Pedi\u00e1trica.&nbsp;<\/p>\n\n\n\n<p>Precis\u00f3 que se realizar\u00e1n las investigaciones correspondientes por si hay m\u00e1s personas involucradas en este hecho, \u201cpues por instrucciones del gobernador Salom\u00f3n Jara Cruz se debe salvaguardar la salud e integridad de las personas usuarias de esta unidad hospitalaria\u201d.<\/p>\n\n\n\n<p>En un comunicado de prensa, se puntualiz\u00f3 que si bien es cierto existe saturaci\u00f3n en los servicios hospitalarios, la atenci\u00f3n se debe brindar de manera integral, profesional y con \u00e9tica, en apego a la norma, criterios y protocolos vigentes.<\/p>\n","protected":false},"excerpt":{"rendered":"<p>&nbsp;Redacci\u00f3n\/Zona Roja. Oaxaca de Ju\u00e1rez, Oax. 4 de septiembre de 2023.- Un reci\u00e9n nacido fue&hellip;<\/p>\n","protected":false},"author":2,"featured_media":59465,"comment_status":"closed","ping_status":"open","sticky":false,"template":"","format":"standard","meta":{"_lmt_disableupdate":"","_lmt_disable":"","_jetpack_memberships_contains_paid_content":false,"footnotes":""},"categories":[109,47],"tags":[1005],"class_list":["post-59464","post","type-post","status-publish","format-standard","has-post-thumbnail","hentry","category-minuto-a-minuto","category-zona-gris","tag-servicios-de-salud-de-oaxaca-sso"],"jetpack_featured_media_url":"https:\/\/zonaroja.com.mx\/wp-content\/uploads\/2023\/09\/Bebe-caja-de-carton-Hospital-Civil-Oaxaca.jpg","jetpack_sharing_enabled":true,"_links":{"self":[{"href":"https:\/\/zonaroja.com.mx\/index.php?rest_route=\/wp\/v2\/posts\/59464","targetHints":{"allow":["GET"]}}],"collection":[{"href":"https:\/\/zonaroja.com.mx\/index.php?rest_route=\/wp\/v2\/posts"}],"about":[{"href":"https:\/\/zonaroja.com.mx\/index.php?rest_route=\/wp\/v2\/types\/post"}],"author":[{"embeddable":true,"href":"https:\/\/zonaroja.com.mx\/index.php?rest_route=\/wp\/v2\/users\/2"}],"replies":[{"embeddable":true,"href":"https:\/\/zonaroja.com.mx\/index.php?rest_route=%2Fwp%2Fv2%2Fcomments&post=59464"}],"version-history":[{"count":1,"href":"https:\/\/zonaroja.com.mx\/index.php?rest_route=\/wp\/v2\/posts\/59464\/revisions"}],"predecessor-version":[{"id":59466,"href":"https:\/\/zonaroja.com.mx\/index.php?rest_route=\/wp\/v2\/posts\/59464\/revisions\/59466"}],"wp:featuredmedia":[{"embeddable":true,"href":"https:\/\/zonaroja.com.mx\/index.php?rest_route=\/wp\/v2\/media\/59465"}],"wp:attachment":[{"href":"https:\/\/zonaroja.com.mx\/index.php?rest_route=%2Fwp%2Fv2%2Fmedia&parent=59464"}],"wp:term":[{"taxonomy":"category","embeddable":true,"href":"https:\/\/zonaroja.com.mx\/index.php?rest_route=%2Fwp%2Fv2%2Fcategories&post=59464"},{"taxonomy":"post_tag","embeddable":true,"href":"https:\/\/zonaroja.com.mx\/index.php?rest_route=%2Fwp%2Fv2%2Ftags&post=59464"}],"curies":[{"name":"wp","href":"https:\/\/api.w.org\/{rel}","templated":true}]}}