{"id":59467,"date":"2023-09-04T17:37:28","date_gmt":"2023-09-04T22:37:28","guid":{"rendered":"http:\/\/www.zonaroja.com.mx\/?p=59467"},"modified":"2023-09-04T17:37:30","modified_gmt":"2023-09-04T22:37:30","slug":"asesinan-a-un-hombre-y-una-mujer-en-bar-de-oaxaca-otra-femenina-lesionada","status":"publish","type":"post","link":"https:\/\/zonaroja.com.mx\/?p=59467","title":{"rendered":"Asesinan a un hombre y una mujer en bar de Oaxaca; otra femenina lesionada"},"content":{"rendered":"\n<p>Ismael Garc\u00eda M.\/Zona Roja.<\/p>\n\n\n\n<p>Oaxaca de Ju\u00e1rez, Oax., a 4 de septiembre de 2023.- Una mujer y un masculino fueron asesinados hoy a balazos en un bar de la Villa de Zaachila, municipio de la regi\u00f3n Valles Centrales de Oaxaca, mientras que otra femenina fue herida de gravedad.<\/p>\n\n\n\n<p>Asimismo, hay una persona detenida en el lugar de los hechos, con dos armas de fuego, por lo que se presume que es el autor material del doble homicidio ocurrido despu\u00e9s del mediod\u00eda de este lunes.<\/p>\n\n\n\n<p>De acuerdo con informes preliminares, el ataque armado sucedi\u00f3 en un bar denominado \u201cEl Catr\u00edn\u201d, situado en la calle 18 de Marzo de la colonia Las Pe\u00f1as, al oriente de Zaachila.<\/p>\n\n\n\n<p>Las v\u00edctimas mortales fueron identificadas como Eligio S. S. y Leticia J., mientras que el detenido dijo llamarse Esvil David M. A., de 22 a\u00f1os de edad, quien fue trasladado por personal de la Agencia Estatal de Investigaciones al Ministerio P\u00fablico de la Fiscal\u00eda General del Estado de Oaxaca.<\/p>\n\n\n\n<p>Hasta el momento se desconoce el m\u00f3vil del crimen, hechos que ya indaga la instituci\u00f3n de procuraci\u00f3n de justicia, que abri\u00f3 la respectiva Carpeta de Investigaci\u00f3n.<\/p>\n","protected":false},"excerpt":{"rendered":"<p>Ismael Garc\u00eda M.\/Zona Roja. Oaxaca de Ju\u00e1rez, Oax., a 4 de septiembre de 2023.- Una&hellip;<\/p>\n","protected":false},"author":2,"featured_media":59468,"comment_status":"closed","ping_status":"open","sticky":false,"template":"","format":"standard","meta":{"_lmt_disableupdate":"","_lmt_disable":"","_jetpack_memberships_contains_paid_content":false,"footnotes":""},"categories":[109,51],"tags":[155],"class_list":["post-59467","post","type-post","status-publish","format-standard","has-post-thumbnail","hentry","category-minuto-a-minuto","category-zona-roja","tag-villa-de-zaachila"],"jetpack_featured_media_url":"https:\/\/zonaroja.com.mx\/wp-content\/uploads\/2023\/09\/Asesinados-en-bar-Villa-de-Zaachila-Oaxaca.jpg","jetpack_sharing_enabled":true,"_links":{"self":[{"href":"https:\/\/zonaroja.com.mx\/index.php?rest_route=\/wp\/v2\/posts\/59467","targetHints":{"allow":["GET"]}}],"collection":[{"href":"https:\/\/zonaroja.com.mx\/index.php?rest_route=\/wp\/v2\/posts"}],"about":[{"href":"https:\/\/zonaroja.com.mx\/index.php?rest_route=\/wp\/v2\/types\/post"}],"author":[{"embeddable":true,"href":"https:\/\/zonaroja.com.mx\/index.php?rest_route=\/wp\/v2\/users\/2"}],"replies":[{"embeddable":true,"href":"https:\/\/zonaroja.com.mx\/index.php?rest_route=%2Fwp%2Fv2%2Fcomments&post=59467"}],"version-history":[{"count":1,"href":"https:\/\/zonaroja.com.mx\/index.php?rest_route=\/wp\/v2\/posts\/59467\/revisions"}],"predecessor-version":[{"id":59469,"href":"https:\/\/zonaroja.com.mx\/index.php?rest_route=\/wp\/v2\/posts\/59467\/revisions\/59469"}],"wp:featuredmedia":[{"embeddable":true,"href":"https:\/\/zonaroja.com.mx\/index.php?rest_route=\/wp\/v2\/media\/59468"}],"wp:attachment":[{"href":"https:\/\/zonaroja.com.mx\/index.php?rest_route=%2Fwp%2Fv2%2Fmedia&parent=59467"}],"wp:term":[{"taxonomy":"category","embeddable":true,"href":"https:\/\/zonaroja.com.mx\/index.php?rest_route=%2Fwp%2Fv2%2Fcategories&post=59467"},{"taxonomy":"post_tag","embeddable":true,"href":"https:\/\/zonaroja.com.mx\/index.php?rest_route=%2Fwp%2Fv2%2Ftags&post=59467"}],"curies":[{"name":"wp","href":"https:\/\/api.w.org\/{rel}","templated":true}]}}