{"id":59471,"date":"2023-09-04T19:56:23","date_gmt":"2023-09-05T00:56:23","guid":{"rendered":"http:\/\/www.zonaroja.com.mx\/?p=59471"},"modified":"2023-09-04T19:56:26","modified_gmt":"2023-09-05T00:56:26","slug":"secuestran-a-cuatro-a-cuatro-personas-entre-ellas-dos-menores-en-pueblo-de-oaxaca","status":"publish","type":"post","link":"https:\/\/zonaroja.com.mx\/?p=59471","title":{"rendered":"Secuestran a cuatro a cuatro personas, entre ellas dos menores, en pueblo de Oaxaca"},"content":{"rendered":"\n<p>Ismael Garc\u00eda M.\/Zona Roja.<\/p>\n\n\n\n<p>Autoridades administrativas y agrarias de San Miguel El Grande, municipio de la regi\u00f3n Mixteca de Oaxaca, denunci\u00f3 el secuestro de cuatro personas, entre ellas dos menores de edad, registrado este lunes.<\/p>\n\n\n\n<p>De acuerdo con un comunicado, el hecho ocurri\u00f3 alrededor de las 05:00 horas de hoy a la altura del kil\u00f3metro dos del tramo carretero Tlaxiaco-Chalcatongo, por parte de sujetos con arma de grueso calibre, expuso en un comunicado firmado por integrantes del ayuntamiento, autoridades auxiliares y del Comisariado de Bienes Comunales.<\/p>\n\n\n\n<p>Los desaparecidos fueron identificados como Abimael S. Q., de 17 a\u00f1os, y Jos\u00e9 \u00c1ngel S. C., de 18 a\u00f1os de edad, estudiantes del Centro de Bachillerato Tecnol\u00f3gico Agropecuario n\u00famero 77.<\/p>\n\n\n\n<p>Asimismo, los ciudadanos Daniel Cuevas S\u00e1nchez, del colectivo de San Miguel El Grande, de 54 a\u00f1os de edad, y Luis Ram\u00edrez Cruz, de 30 a\u00f1os de edad.<\/p>\n\n\n\n<p>Los presuntos autores del plagio ser\u00edan habitantes de la localidad de Llano Grande, encabezados por el agente municipal Marcos Velasco Mendoza, seg\u00fan denunciaron las autoridades.<\/p>\n\n\n\n<p>\u201cExigimos la intervenci\u00f3n inmediata de las fuerzas del orden federal y estatal, a fin de que intervengan para la pronta liberaci\u00f3n de nuestros paisanos y se garantice su integridad f\u00edsica en virtud de que tememos por sus vidas\u201d, expusieron.<\/p>\n\n\n\n<p>El comunicado rechazaron adem\u00e1s \u201cla forma cobarde y violenta en el que un grupo de paramilitares comandados por Marcos Velasco Mendoza y Jes\u00fas Hern\u00e1ndez Cari\u00f1o pretendan generar terror en la zona y hoy se hallan atrevido a secuestrar a dos menores de edad y a dos ciudadanos m\u00e1s\u201d.<\/p>\n\n\n\n<p>El documento lo firman, entre muchos otros, el presidente municipal de San Miguel El Grande, Arc\u00e1ngel Ortiz Cruz, e integrantes del Cabildo.<\/p>\n","protected":false},"excerpt":{"rendered":"<p>Ismael Garc\u00eda M.\/Zona Roja. Autoridades administrativas y agrarias de San Miguel El Grande, municipio de&hellip;<\/p>\n","protected":false},"author":2,"featured_media":59472,"comment_status":"closed","ping_status":"open","sticky":false,"template":"","format":"standard","meta":{"_lmt_disableupdate":"","_lmt_disable":"","_jetpack_memberships_contains_paid_content":false,"footnotes":""},"categories":[109,47],"tags":[3475],"class_list":["post-59471","post","type-post","status-publish","format-standard","has-post-thumbnail","hentry","category-minuto-a-minuto","category-zona-gris","tag-san-miguel-el-grande"],"jetpack_featured_media_url":"https:\/\/zonaroja.com.mx\/wp-content\/uploads\/2023\/09\/Secuestrados-de-San-Miguel-El-Grande.jpg","jetpack_sharing_enabled":true,"_links":{"self":[{"href":"https:\/\/zonaroja.com.mx\/index.php?rest_route=\/wp\/v2\/posts\/59471","targetHints":{"allow":["GET"]}}],"collection":[{"href":"https:\/\/zonaroja.com.mx\/index.php?rest_route=\/wp\/v2\/posts"}],"about":[{"href":"https:\/\/zonaroja.com.mx\/index.php?rest_route=\/wp\/v2\/types\/post"}],"author":[{"embeddable":true,"href":"https:\/\/zonaroja.com.mx\/index.php?rest_route=\/wp\/v2\/users\/2"}],"replies":[{"embeddable":true,"href":"https:\/\/zonaroja.com.mx\/index.php?rest_route=%2Fwp%2Fv2%2Fcomments&post=59471"}],"version-history":[{"count":1,"href":"https:\/\/zonaroja.com.mx\/index.php?rest_route=\/wp\/v2\/posts\/59471\/revisions"}],"predecessor-version":[{"id":59473,"href":"https:\/\/zonaroja.com.mx\/index.php?rest_route=\/wp\/v2\/posts\/59471\/revisions\/59473"}],"wp:featuredmedia":[{"embeddable":true,"href":"https:\/\/zonaroja.com.mx\/index.php?rest_route=\/wp\/v2\/media\/59472"}],"wp:attachment":[{"href":"https:\/\/zonaroja.com.mx\/index.php?rest_route=%2Fwp%2Fv2%2Fmedia&parent=59471"}],"wp:term":[{"taxonomy":"category","embeddable":true,"href":"https:\/\/zonaroja.com.mx\/index.php?rest_route=%2Fwp%2Fv2%2Fcategories&post=59471"},{"taxonomy":"post_tag","embeddable":true,"href":"https:\/\/zonaroja.com.mx\/index.php?rest_route=%2Fwp%2Fv2%2Ftags&post=59471"}],"curies":[{"name":"wp","href":"https:\/\/api.w.org\/{rel}","templated":true}]}}