{"id":59474,"date":"2023-09-04T20:54:12","date_gmt":"2023-09-05T01:54:12","guid":{"rendered":"http:\/\/www.zonaroja.com.mx\/?p=59474"},"modified":"2023-09-04T20:54:14","modified_gmt":"2023-09-05T01:54:14","slug":"policia-de-xoxocotlan-oaxaca-asegura-a-86-migrantes","status":"publish","type":"post","link":"https:\/\/zonaroja.com.mx\/?p=59474","title":{"rendered":"Polic\u00eda de Xoxocotl\u00e1n, Oaxaca, asegura a 86 migrantes"},"content":{"rendered":"\n<p>Redacci\u00f3n\/Zona Roja.<\/p>\n\n\n\n<p>Oaxaca de Ju\u00e1rez, Oax., a 4 de septiembre de 2023.- &nbsp;La madrugada de este lunes, como parte de los recorridos de disuasi\u00f3n y vigilancia, elementos de la Unidad Motorizada de Reacci\u00f3n Inmediata (UMRI), pertenecientes a la Comisi\u00f3n de Seguridad P\u00fablica, Vialidad y Protecci\u00f3n Ciudadana de Santa Cruz Xoxocotl\u00e1n, detuvieron una camioneta color blanca que trasladaba a 86 migrantes, entre ellos 33 ni\u00f1as y ni\u00f1os, proveniente de Guatemala, Honduras y Ecuador.<\/p>\n\n\n\n<p>Los hechos se suscitaron cuando la unidad que circulaba sobre el circuito interior a la altura del fraccionamiento Santa Elena, llam\u00f3 la atenci\u00f3n de los elementos policiales debido a la manera en que era conducida, de forma err\u00e1tica e invad\u00eda el carril opuesto a su marcha.<\/p>\n\n\n\n<p>Al realizar la inspecci\u00f3n se encontr\u00f3 que, en la parte trasera del veh\u00edculo, en una caja cerrada, viajaban decenas de personas que no contaban con identificaciones que acreditaran ser de nacionalidad mexicana, motivo por el cual se dio parte al Instituto Nacional de Migraci\u00f3n y los 86 inmigrantes fueron trasladados al Cuartel de la Polic\u00eda Municipal, en lo que se determinaba su situaci\u00f3n.<\/p>\n\n\n\n<p>Ante esta situaci\u00f3n, el presidente municipal, Inocente Castellanos, instruy\u00f3 que se brindara atenci\u00f3n m\u00e9dica, alimentos, un lugar para descansar y todas las garant\u00edas necesarias mientras estuvieran bajo el resguardo de la Comisi\u00f3n de Seguridad P\u00fablica, Vialidad y Protecci\u00f3n Ciudadana, pues afirm\u00f3 que todas las personas merecen ser tratadas con respecto y dignidad.<\/p>\n\n\n\n<p>Asimismo, solicit\u00f3 que se cuidara todo el procedimiento a fin de evitar que se presentara alguna situaci\u00f3n que pudiera ser traum\u00e1tica para las y los menores de edad que viajaban en el contingente.<\/p>\n\n\n\n<p>Una vez en el Cuartel Municipal, param\u00e9dicos de Protecci\u00f3n Civil Municipal valoraron a los 34 varones, 19 mujeres, seis adolescentes y 27 ni\u00f1as y ni\u00f1os, brindando atenci\u00f3n m\u00e9dica a quienes presentaban s\u00edntomas de deshidrataci\u00f3n, proporcion\u00e1ndoles tambi\u00e9n un espacio seguro para dormir y alimentos.<\/p>\n\n\n\n<p>M\u00e1s tarde, las 86 personas \u201473 de Guatemala, ocho de Honduras y cinco de Ecuador\u2014 fueron trasladadas al Instituto Nacional de Migraci\u00f3n para continuar con el proceso correspondiente.<\/p>\n","protected":false},"excerpt":{"rendered":"<p>Redacci\u00f3n\/Zona Roja. Oaxaca de Ju\u00e1rez, Oax., a 4 de septiembre de 2023.- &nbsp;La madrugada de&hellip;<\/p>\n","protected":false},"author":2,"featured_media":59475,"comment_status":"closed","ping_status":"open","sticky":false,"template":"","format":"standard","meta":{"_lmt_disableupdate":"","_lmt_disable":"","_jetpack_memberships_contains_paid_content":false,"footnotes":""},"categories":[109,46],"tags":[133],"class_list":["post-59474","post","type-post","status-publish","format-standard","has-post-thumbnail","hentry","category-minuto-a-minuto","category-zona-blanca","tag-santa-cruz-xoxocotlan"],"jetpack_featured_media_url":"https:\/\/zonaroja.com.mx\/wp-content\/uploads\/2023\/09\/Migrantes-indocumentados-Xoxocotlan.jpg","jetpack_sharing_enabled":true,"_links":{"self":[{"href":"https:\/\/zonaroja.com.mx\/index.php?rest_route=\/wp\/v2\/posts\/59474","targetHints":{"allow":["GET"]}}],"collection":[{"href":"https:\/\/zonaroja.com.mx\/index.php?rest_route=\/wp\/v2\/posts"}],"about":[{"href":"https:\/\/zonaroja.com.mx\/index.php?rest_route=\/wp\/v2\/types\/post"}],"author":[{"embeddable":true,"href":"https:\/\/zonaroja.com.mx\/index.php?rest_route=\/wp\/v2\/users\/2"}],"replies":[{"embeddable":true,"href":"https:\/\/zonaroja.com.mx\/index.php?rest_route=%2Fwp%2Fv2%2Fcomments&post=59474"}],"version-history":[{"count":1,"href":"https:\/\/zonaroja.com.mx\/index.php?rest_route=\/wp\/v2\/posts\/59474\/revisions"}],"predecessor-version":[{"id":59476,"href":"https:\/\/zonaroja.com.mx\/index.php?rest_route=\/wp\/v2\/posts\/59474\/revisions\/59476"}],"wp:featuredmedia":[{"embeddable":true,"href":"https:\/\/zonaroja.com.mx\/index.php?rest_route=\/wp\/v2\/media\/59475"}],"wp:attachment":[{"href":"https:\/\/zonaroja.com.mx\/index.php?rest_route=%2Fwp%2Fv2%2Fmedia&parent=59474"}],"wp:term":[{"taxonomy":"category","embeddable":true,"href":"https:\/\/zonaroja.com.mx\/index.php?rest_route=%2Fwp%2Fv2%2Fcategories&post=59474"},{"taxonomy":"post_tag","embeddable":true,"href":"https:\/\/zonaroja.com.mx\/index.php?rest_route=%2Fwp%2Fv2%2Ftags&post=59474"}],"curies":[{"name":"wp","href":"https:\/\/api.w.org\/{rel}","templated":true}]}}