{"id":59477,"date":"2023-09-04T21:57:50","date_gmt":"2023-09-05T02:57:50","guid":{"rendered":"http:\/\/www.zonaroja.com.mx\/?p=59477"},"modified":"2023-09-04T21:57:57","modified_gmt":"2023-09-05T02:57:57","slug":"inicia-oaxaca-semana-con-caotica-intensa-jornada-de-protestas","status":"publish","type":"post","link":"https:\/\/zonaroja.com.mx\/?p=59477","title":{"rendered":"Inicia Oaxaca semana con ca\u00f3tica intensa jornada de protestas"},"content":{"rendered":"\n<p>Ismael Garc\u00eda M.\/Zona Roja.<\/p>\n\n\n\n<p>Oaxaca de Ju\u00e1rez, Oax., a 4 de septiembre de 2023.- El primer lunes de septiembre inici\u00f3 ca\u00f3tico, con m\u00faltiples protestas y bloqueos carreteros, en las regiones Valles Centrales e Istmo de Tehuantepec.<\/p>\n\n\n\n<p>Las movilizaciones iniciaron alrededor de las 07:00 horas, con la llegada de personal de confianza despedido del Instituto de Estudios de Bachillerato de Oaxaca (IEBO) al Palacio de Gobierno, en la capital.<\/p>\n\n\n\n<p>Una hora despu\u00e9s, los inconformes que exigen su reinstalaci\u00f3n y reconocimiento de su sindicato, cerraron los tres accesos a la sede del Poder Ejecutivo, con lo cual impidieron la entrada y salida de trabajadores.<\/p>\n\n\n\n<p>Alrededor de las 10:00 horas, personal de la Secretar\u00eda de Gobierno les instal\u00f3 una mesa de di\u00e1logo en el z\u00f3calo pero los manifestantes la rechazaron y se mantuvieron en su \u201ctoma\u201d de la sede del Poder Ejecutivo; a las 14:00 horas de nuevo enviados del gobierno les pidieron retirar su protesta, lo cual rechazaron; finalmente despu\u00e9s de las 15:00 horas personal policiaco arrib\u00f3 para resguardar el inmueble, tras lo cual se retiraron.<\/p>\n\n\n\n<p>Otra intensa manifestaci\u00f3n fue la de integrantes de la organizaci\u00f3n Antorcha Campesina, que se concentraron en la Plaza de la Danza de la ciudad y luego marcharon hacia el z\u00f3calo.<\/p>\n\n\n\n<p>Ah\u00ed efectuaron un mitin y despu\u00e9s del mediod\u00eda se retiraron, sin conseguir soluci\u00f3n a sus demandas de recursos supuestamente que destinar\u00e1n a las comunidades donde tienen afiliados.<\/p>\n\n\n\n<p>Tambi\u00e9n al z\u00f3calo arribaron integrantes de diversas organizaciones sociales, para denunciar que la Secretar\u00eda de Gobierno acredit\u00f3 \u201cde manera ilegal\u201d a la autoridad de San Miguel Ecatepec, agencia de Magdalena Tequisistl\u00e1n; tras la conferencia de prensa, se retiraron.<\/p>\n\n\n\n<p>Minutos despu\u00e9s pero en el mercado \u201cBenito Ju\u00e1rez\u201d, del Centro Hist\u00f3rico de la capital, comerciantes denunciaron irregularidades por parte del administrador Apolonio Garc\u00eda y falta de apoyo a la infraestructura, por parte del presidente municipal Francisco Mart\u00ednez Neri.<\/p>\n\n\n\n<p>En la Universidad Tecnol\u00f3gica de los Valles Centrales contin\u00faa la inconformidad de un grupo de docentes, que tambi\u00e9n crearon un sindicato; fueron cesados y exigen su reinstalaci\u00f3n. Una representaci\u00f3n de ellos protest\u00f3 en el exterior del Centro Gastron\u00f3mico, en la capital, para exigir el pago de sus salarios.<\/p>\n\n\n\n<p>Mientras tanto, la Escuela Normal de Educaci\u00f3n Preescolar de Oaxaca (ENEPO) fue \u201ctomada\u201d por un grupo de alumnos y docentes, para exigir al Instituto Estatal de Educaci\u00f3n P\u00fablica de Oaxaca cubra los pagos pendientes.<\/p>\n\n\n\n<p>En la Villa de Zaachila, un grupo de alumnos se apoder\u00f3 de la Universidad \u201cBenito Ju\u00e1rez\u201d y cerr\u00f3 una calle, para denunciar casos de acoso sexual por parte de un docente identificado como Froyl\u00e1n Avenda\u00f1o \u00c1lvarez.<\/p>\n\n\n\n<p>En la regi\u00f3n del Istmo hubo dos movilizaciones con bloqueo carretero, el primero de ellos fue temporal, por parte de un grupo de campesinos, en el tramo Tehuantepec-Juchit\u00e1n.<\/p>\n\n\n\n<p>El otro a la altura de la sede de la Universidad Pedag\u00f3gica Nacional (UPN), en Ciudad Ixtepec, donde prevalece un conflicto sindical interno, entre dos grupos de docentes con los directivos.<\/p>\n","protected":false},"excerpt":{"rendered":"<p>Ismael Garc\u00eda M.\/Zona Roja. Oaxaca de Ju\u00e1rez, Oax., a 4 de septiembre de 2023.- El&hellip;<\/p>\n","protected":false},"author":2,"featured_media":59478,"comment_status":"closed","ping_status":"open","sticky":false,"template":"","format":"standard","meta":{"_lmt_disableupdate":"","_lmt_disable":"","_jetpack_memberships_contains_paid_content":false,"footnotes":""},"categories":[109,47],"tags":[2264],"class_list":["post-59477","post","type-post","status-publish","format-standard","has-post-thumbnail","hentry","category-minuto-a-minuto","category-zona-gris","tag-bloqueos-y-protestas-oaxaca"],"jetpack_featured_media_url":"https:\/\/zonaroja.com.mx\/wp-content\/uploads\/2023\/09\/Protestas-y-bloqueos-Oaxaca.jpg","jetpack_sharing_enabled":true,"_links":{"self":[{"href":"https:\/\/zonaroja.com.mx\/index.php?rest_route=\/wp\/v2\/posts\/59477","targetHints":{"allow":["GET"]}}],"collection":[{"href":"https:\/\/zonaroja.com.mx\/index.php?rest_route=\/wp\/v2\/posts"}],"about":[{"href":"https:\/\/zonaroja.com.mx\/index.php?rest_route=\/wp\/v2\/types\/post"}],"author":[{"embeddable":true,"href":"https:\/\/zonaroja.com.mx\/index.php?rest_route=\/wp\/v2\/users\/2"}],"replies":[{"embeddable":true,"href":"https:\/\/zonaroja.com.mx\/index.php?rest_route=%2Fwp%2Fv2%2Fcomments&post=59477"}],"version-history":[{"count":1,"href":"https:\/\/zonaroja.com.mx\/index.php?rest_route=\/wp\/v2\/posts\/59477\/revisions"}],"predecessor-version":[{"id":59479,"href":"https:\/\/zonaroja.com.mx\/index.php?rest_route=\/wp\/v2\/posts\/59477\/revisions\/59479"}],"wp:featuredmedia":[{"embeddable":true,"href":"https:\/\/zonaroja.com.mx\/index.php?rest_route=\/wp\/v2\/media\/59478"}],"wp:attachment":[{"href":"https:\/\/zonaroja.com.mx\/index.php?rest_route=%2Fwp%2Fv2%2Fmedia&parent=59477"}],"wp:term":[{"taxonomy":"category","embeddable":true,"href":"https:\/\/zonaroja.com.mx\/index.php?rest_route=%2Fwp%2Fv2%2Fcategories&post=59477"},{"taxonomy":"post_tag","embeddable":true,"href":"https:\/\/zonaroja.com.mx\/index.php?rest_route=%2Fwp%2Fv2%2Ftags&post=59477"}],"curies":[{"name":"wp","href":"https:\/\/api.w.org\/{rel}","templated":true}]}}