{"id":5948,"date":"2019-11-21T18:06:40","date_gmt":"2019-11-22T00:06:40","guid":{"rendered":"http:\/\/www.zonaroja.com.mx\/?p=5948"},"modified":"2019-11-21T18:06:43","modified_gmt":"2019-11-22T00:06:43","slug":"matan-a-balazos-a-hijo-de-periodista-en-la-region-cuenca-de-oaxaca","status":"publish","type":"post","link":"https:\/\/zonaroja.com.mx\/?p=5948","title":{"rendered":"Matan a balazos a hijo de periodista en la regi\u00f3n Cuenca de Oaxaca"},"content":{"rendered":"\n<p>Ismael Garc\u00eda M.\/Zona Roja.<\/p>\n\n\n\n<p>Oaxaca de Ju\u00e1rez, Oax., 21 de noviembre\nde 2019.- Cirilo Carrera, hijo del periodista Ferm\u00edn Carrera, fue agredido a\nbalazos ayer en el municipio de San Miguel Soyaltepec, regi\u00f3n de la Cuenca, y\ndebido a la gravedad de las heridas, falleci\u00f3 este jueves en un hospital de San\nJuan Bautista Tuxtepec.<\/p>\n\n\n\n<p>De acuerdo con los primeros reportes, el\ncuerpo fue localizado en la comunidad de Temascal y trasladado a un hospital de\nTuxtepec, donde finalmente perdi\u00f3 la vida durante la ma\u00f1ana de hoy.<\/p>\n\n\n\n<p>Ferm\u00edn Carrera es reportero del medio\ninformativo \u201cLa Opini\u00f3n\u201d de Tuxtepec; no se ha precisado si su v\u00e1stago laboraba\ntambi\u00e9n en el medio de comunicaci\u00f3n.<\/p>\n\n\n\n<p>A\u00fan se desconoce qui\u00e9n o qui\u00e9nes lo\nagredieron con disparos de arma de fuego y la Vicefiscal\u00eda Regional de la\nCuenca inici\u00f3 la Carpeta de Investigaci\u00f3n correspondiente.<\/p>\n","protected":false},"excerpt":{"rendered":"<p>Ismael Garc\u00eda M.\/Zona Roja. Oaxaca de Ju\u00e1rez, Oax., 21 de noviembre de 2019.- Cirilo Carrera,&hellip;<\/p>\n","protected":false},"author":2,"featured_media":5949,"comment_status":"closed","ping_status":"open","sticky":false,"template":"","format":"standard","meta":{"_lmt_disableupdate":"","_lmt_disable":"","_jetpack_memberships_contains_paid_content":false,"footnotes":""},"categories":[109,51],"tags":[1038,1037],"class_list":["post-5948","post","type-post","status-publish","format-standard","has-post-thumbnail","hentry","category-minuto-a-minuto","category-zona-roja","tag-cirilo-carrera","tag-san-miguel-soyaltepec"],"jetpack_featured_media_url":"https:\/\/zonaroja.com.mx\/wp-content\/uploads\/2019\/11\/IMG_0827.jpg","jetpack_sharing_enabled":true,"_links":{"self":[{"href":"https:\/\/zonaroja.com.mx\/index.php?rest_route=\/wp\/v2\/posts\/5948","targetHints":{"allow":["GET"]}}],"collection":[{"href":"https:\/\/zonaroja.com.mx\/index.php?rest_route=\/wp\/v2\/posts"}],"about":[{"href":"https:\/\/zonaroja.com.mx\/index.php?rest_route=\/wp\/v2\/types\/post"}],"author":[{"embeddable":true,"href":"https:\/\/zonaroja.com.mx\/index.php?rest_route=\/wp\/v2\/users\/2"}],"replies":[{"embeddable":true,"href":"https:\/\/zonaroja.com.mx\/index.php?rest_route=%2Fwp%2Fv2%2Fcomments&post=5948"}],"version-history":[{"count":1,"href":"https:\/\/zonaroja.com.mx\/index.php?rest_route=\/wp\/v2\/posts\/5948\/revisions"}],"predecessor-version":[{"id":5950,"href":"https:\/\/zonaroja.com.mx\/index.php?rest_route=\/wp\/v2\/posts\/5948\/revisions\/5950"}],"wp:featuredmedia":[{"embeddable":true,"href":"https:\/\/zonaroja.com.mx\/index.php?rest_route=\/wp\/v2\/media\/5949"}],"wp:attachment":[{"href":"https:\/\/zonaroja.com.mx\/index.php?rest_route=%2Fwp%2Fv2%2Fmedia&parent=5948"}],"wp:term":[{"taxonomy":"category","embeddable":true,"href":"https:\/\/zonaroja.com.mx\/index.php?rest_route=%2Fwp%2Fv2%2Fcategories&post=5948"},{"taxonomy":"post_tag","embeddable":true,"href":"https:\/\/zonaroja.com.mx\/index.php?rest_route=%2Fwp%2Fv2%2Ftags&post=5948"}],"curies":[{"name":"wp","href":"https:\/\/api.w.org\/{rel}","templated":true}]}}