{"id":59480,"date":"2023-09-04T23:17:45","date_gmt":"2023-09-05T04:17:45","guid":{"rendered":"http:\/\/www.zonaroja.com.mx\/?p=59480"},"modified":"2023-09-04T23:17:48","modified_gmt":"2023-09-05T04:17:48","slug":"otro-decapitado-y-ejecutado-en-oaxaca-de-nuevo-en-el-istmo","status":"publish","type":"post","link":"https:\/\/zonaroja.com.mx\/?p=59480","title":{"rendered":"Otro decapitado y ejecutado en Oaxaca, de nuevo en el Istmo"},"content":{"rendered":"\n<p>Ismael Garc\u00eda M.\/Zona Roja.<\/p>\n\n\n\n<p>Oaxaca de Ju\u00e1rez, Oax., a 4 de septiembre de 2023.- De nueva cuenta, una persona fue ejecutada y decapitada en la regi\u00f3n del Istmo de Tehuantepec, Oaxaca.<\/p>\n\n\n\n<p>Ahora fue en jurisdicci\u00f3n del municipio de San Juan Guichicovi en que pobladores localizaron un cuerpo sin cabeza, con huellas de violencia y varios impactos de arma de fuego.<\/p>\n\n\n\n<p>El hallazgo ocurri\u00f3 por la ma\u00f1ana en la localidad El Chocolate, por lo cual corporaciones policiacas arribaron al sitio pero s\u00f3lo para resguardar la escena.<\/p>\n\n\n\n<p>Horas m\u00e1s tarde, en los l\u00edmites con el municipio de Mat\u00edas Romero, fue localizada la cabeza humana en una bolsa de pl\u00e1stico y a un costado un \u201cnarcomensaje\u201d.<\/p>\n\n\n\n<p>De manera preliminar, seg\u00fan los informes policiacos, la v\u00edctima fue identificada como Manuel G. O., originario y vecino de Mat\u00edas Romero. Personal de la Vicefiscal\u00eda Regional del Istmo inici\u00f3 las indagatorias correspondientes.<\/p>\n\n\n\n<p>Fue el pasado s\u00e1bado, en Santo Domingo Tehuantepec, en que fue localizado un cuerpo sin vida, sin cabeza, y m\u00e1s tarde la cabeza humana, tambi\u00e9n con un \u00abnarcomensaje\u00bb.<\/p>\n","protected":false},"excerpt":{"rendered":"<p>Ismael Garc\u00eda M.\/Zona Roja. Oaxaca de Ju\u00e1rez, Oax., a 4 de septiembre de 2023.- De&hellip;<\/p>\n","protected":false},"author":2,"featured_media":59481,"comment_status":"closed","ping_status":"open","sticky":false,"template":"","format":"standard","meta":{"_lmt_disableupdate":"","_lmt_disable":"","_jetpack_memberships_contains_paid_content":false,"footnotes":""},"categories":[109,51],"tags":[699],"class_list":["post-59480","post","type-post","status-publish","format-standard","has-post-thumbnail","hentry","category-minuto-a-minuto","category-zona-roja","tag-san-juan-guichicovi"],"jetpack_featured_media_url":"https:\/\/zonaroja.com.mx\/wp-content\/uploads\/2023\/09\/Cabeza-humana-y-decapitado-San-Juan-Guichicovi.jpg","jetpack_sharing_enabled":true,"_links":{"self":[{"href":"https:\/\/zonaroja.com.mx\/index.php?rest_route=\/wp\/v2\/posts\/59480","targetHints":{"allow":["GET"]}}],"collection":[{"href":"https:\/\/zonaroja.com.mx\/index.php?rest_route=\/wp\/v2\/posts"}],"about":[{"href":"https:\/\/zonaroja.com.mx\/index.php?rest_route=\/wp\/v2\/types\/post"}],"author":[{"embeddable":true,"href":"https:\/\/zonaroja.com.mx\/index.php?rest_route=\/wp\/v2\/users\/2"}],"replies":[{"embeddable":true,"href":"https:\/\/zonaroja.com.mx\/index.php?rest_route=%2Fwp%2Fv2%2Fcomments&post=59480"}],"version-history":[{"count":1,"href":"https:\/\/zonaroja.com.mx\/index.php?rest_route=\/wp\/v2\/posts\/59480\/revisions"}],"predecessor-version":[{"id":59482,"href":"https:\/\/zonaroja.com.mx\/index.php?rest_route=\/wp\/v2\/posts\/59480\/revisions\/59482"}],"wp:featuredmedia":[{"embeddable":true,"href":"https:\/\/zonaroja.com.mx\/index.php?rest_route=\/wp\/v2\/media\/59481"}],"wp:attachment":[{"href":"https:\/\/zonaroja.com.mx\/index.php?rest_route=%2Fwp%2Fv2%2Fmedia&parent=59480"}],"wp:term":[{"taxonomy":"category","embeddable":true,"href":"https:\/\/zonaroja.com.mx\/index.php?rest_route=%2Fwp%2Fv2%2Fcategories&post=59480"},{"taxonomy":"post_tag","embeddable":true,"href":"https:\/\/zonaroja.com.mx\/index.php?rest_route=%2Fwp%2Fv2%2Ftags&post=59480"}],"curies":[{"name":"wp","href":"https:\/\/api.w.org\/{rel}","templated":true}]}}