{"id":59490,"date":"2023-09-05T08:15:59","date_gmt":"2023-09-05T13:15:59","guid":{"rendered":"http:\/\/www.zonaroja.com.mx\/?p=59490"},"modified":"2023-09-05T08:16:03","modified_gmt":"2023-09-05T13:16:03","slug":"suman-dos-muertos-por-accidente-en-supercarretera-y-no-atienden-a-heridos","status":"publish","type":"post","link":"https:\/\/zonaroja.com.mx\/?p=59490","title":{"rendered":"Suman dos muertos por accidente en supercarretera\u2026 y no atienden a heridos"},"content":{"rendered":"\n<p>Redacci\u00f3n\/Zona Roja.<\/p>\n\n\n\n<p>Oaxaca de Ju\u00e1rez, Oax., a 5 de septiembre de 2023.- A dos ascendi\u00f3 el n\u00famero de personas que perdieron la vida anoche en un accidente en la supercarretera Oaxaca-Cuacnopalan.<\/p>\n\n\n\n<p>En el percance resultaron lesionadas adem\u00e1s unas 14 personas, la mayor\u00eda de ellas trasladadas a nosocomios de la ciudad de Oaxaca pero pasaron m\u00e1s de cuatro horas tras su llegada a la capital, sin que fueran recibidos en el Hospital Civil y en el Hospital del ISSSTE, en tanto que la aseguradora Qualitas se neg\u00f3 a asumir su responsabilidad y trasladarlos a hospitales particulares.<\/p>\n\n\n\n<p>Fue alrededor de las 20:30 horas a la altura del kil\u00f3metro 200, tramo Huitzo-Nochixtl\u00e1n, en que una camioneta particular se impact\u00f3 con una Urvan de pasajeros, de la l\u00ednea \u201cCuauht\u00e9moc\u201d, lo que provoc\u00f3 que esta \u00faltima unidad se fuera a un barranco.<\/p>\n\n\n\n<p>Corporaciones de auxilio, entre ellas de la Cruz Roja Mexicana y de Caminos y Puentes Federales, auxiliaron a las v\u00edctimas y las trasladaron a la capital oaxaque\u00f1a, donde fueron informados que los nosocomios p\u00fablicos estaban saturados.<\/p>\n\n\n\n<p>Una de las v\u00edctimas, chofer de la camioneta particular, fue identificado como Rodrigo R., y de la otra persona fallecida a\u00fan no se cuentan con sus datos generales.<\/p>\n\n\n\n<p>La mayor\u00eda de la ciudad de Oaxaca eran ocupantes de la Urvan que se dirig\u00eda a Huajuapan de Le\u00f3n. La Fiscal\u00eda General del Estado de Oaxaca realiza las indagatorias correspondientes para deslindar responsabilidades.<\/p>\n\n\n\n<figure class=\"wp-block-embed is-type-rich is-provider-twitter wp-block-embed-twitter\"><div class=\"wp-block-embed__wrapper\">\n<div class=\"twitter-tweet\"><blockquote class=\"twitter-tweet\" data-lang=\"es\"><p lang=\"es\" dir=\"ltr\">Como Rodrigo Rodr\u00edguez, conductor de la camioneta blanca que choc\u00f3 con la Urvan de pasajeros, fue identificada de manera preliminar la persona que falleci\u00f3 esta noche por el accidente en la supercarretera Oaxaca-Cuacnopalan. <a href=\"https:\/\/t.co\/pXbBz9oac8\">pic.twitter.com\/pXbBz9oac8<\/a><\/p>&mdash; Zona Roja Oaxaca (@ZonaRoja_Oaxaca) <a href=\"https:\/\/twitter.com\/ZonaRoja_Oaxaca\/status\/1698921377590304912?ref_src=twsrc%5Etfw\">5 de septiembre de 2023<\/a><\/blockquote><\/div>\n<\/div><\/figure>\n","protected":false},"excerpt":{"rendered":"<p>Redacci\u00f3n\/Zona Roja. Oaxaca de Ju\u00e1rez, Oax., a 5 de septiembre de 2023.- A dos ascendi\u00f3&hellip;<\/p>\n","protected":false},"author":2,"featured_media":59491,"comment_status":"closed","ping_status":"open","sticky":false,"template":"","format":"standard","meta":{"_lmt_disableupdate":"","_lmt_disable":"","_jetpack_memberships_contains_paid_content":false,"footnotes":""},"categories":[109,47],"tags":[3416],"class_list":["post-59490","post","type-post","status-publish","format-standard","has-post-thumbnail","hentry","category-minuto-a-minuto","category-zona-gris","tag-accidentes-carreteros-oaxaca"],"jetpack_featured_media_url":"https:\/\/zonaroja.com.mx\/wp-content\/uploads\/2023\/09\/Accidente-supercarretera-Oaxaca.jpg","jetpack_sharing_enabled":true,"_links":{"self":[{"href":"https:\/\/zonaroja.com.mx\/index.php?rest_route=\/wp\/v2\/posts\/59490","targetHints":{"allow":["GET"]}}],"collection":[{"href":"https:\/\/zonaroja.com.mx\/index.php?rest_route=\/wp\/v2\/posts"}],"about":[{"href":"https:\/\/zonaroja.com.mx\/index.php?rest_route=\/wp\/v2\/types\/post"}],"author":[{"embeddable":true,"href":"https:\/\/zonaroja.com.mx\/index.php?rest_route=\/wp\/v2\/users\/2"}],"replies":[{"embeddable":true,"href":"https:\/\/zonaroja.com.mx\/index.php?rest_route=%2Fwp%2Fv2%2Fcomments&post=59490"}],"version-history":[{"count":1,"href":"https:\/\/zonaroja.com.mx\/index.php?rest_route=\/wp\/v2\/posts\/59490\/revisions"}],"predecessor-version":[{"id":59492,"href":"https:\/\/zonaroja.com.mx\/index.php?rest_route=\/wp\/v2\/posts\/59490\/revisions\/59492"}],"wp:featuredmedia":[{"embeddable":true,"href":"https:\/\/zonaroja.com.mx\/index.php?rest_route=\/wp\/v2\/media\/59491"}],"wp:attachment":[{"href":"https:\/\/zonaroja.com.mx\/index.php?rest_route=%2Fwp%2Fv2%2Fmedia&parent=59490"}],"wp:term":[{"taxonomy":"category","embeddable":true,"href":"https:\/\/zonaroja.com.mx\/index.php?rest_route=%2Fwp%2Fv2%2Fcategories&post=59490"},{"taxonomy":"post_tag","embeddable":true,"href":"https:\/\/zonaroja.com.mx\/index.php?rest_route=%2Fwp%2Fv2%2Ftags&post=59490"}],"curies":[{"name":"wp","href":"https:\/\/api.w.org\/{rel}","templated":true}]}}