{"id":59493,"date":"2023-09-05T09:30:00","date_gmt":"2023-09-05T14:30:00","guid":{"rendered":"http:\/\/www.zonaroja.com.mx\/?p=59493"},"modified":"2023-09-05T08:23:45","modified_gmt":"2023-09-05T13:23:45","slug":"un-accidente-aereo-y-otro-contra-un-tren-dejan-como-saldo-6-muertos","status":"publish","type":"post","link":"https:\/\/zonaroja.com.mx\/?p=59493","title":{"rendered":"Un accidente a\u00e9reo y otro contra un tren dejan como saldo 6 muertos"},"content":{"rendered":"\n<p>Redacci\u00f3n\/Zona Roja Cdmx.<\/p>\n\n\n\n<p>Ciudad de M\u00e9xico, a 5 de septiembre de 2023.- Este lunes, un helic\u00f3ptero se desplom\u00f3 en la comunidad de La Higuera, en el municipio de Tuxpan, en la zona sur de Jalisco, hecho que dej\u00f3 como saldo tres muertos.<\/p>\n\n\n\n<p>Al sitio se presentaron elementos de Protecci\u00f3n Civil de los municipios de Pihuamo y Tuxpan, quienes encontraron el helic\u00f3ptero completamente consumido por las llamas.<\/p>\n\n\n\n<p>Las autoridades sofocaron el incendio con espuma, al encontrar combustible esparcido en todo el lugar.<\/p>\n\n\n\n<p>El helic\u00f3ptero pertenec\u00eda a una empresa llamada Energi y sali\u00f3 del estado de Colima.<\/p>\n\n\n\n<p>EN HIDALGO<\/p>\n\n\n\n<p>Un accidente sobre la carretera Emiliano Zapata-Calpulalpan, en Hidalgo, dej\u00f3 como saldo un tres muertos.<\/p>\n\n\n\n<p>De acuerdo con reportes, el incidente se registr\u00f3 alrededor de las 13:00 h, cuando un autob\u00fas que sali\u00f3 de Apan, Hidalgo, con direcci\u00f3n a Calpulalpan, en Tlaxcala, intent\u00f3 ganarle el paso a un tren.<\/p>\n\n\n\n<p>Al sitio se presentaron servicios de emergencia, que atendieron a 16 personas heridas y conocieron de las tres v\u00edctimas.<\/p>\n\n\n\n<p>Los lesionados fueron trasladados a distintos hospitales entre ellos el del Altiplano, as\u00ed como al Seguro Social y a una cl\u00ednica particular de Calpulalpan-Tlaxcala.<\/p>\n\n\n\n<p>Aunque el chofer intent\u00f3 darse a la fuga, fue detenido por las personas que auxiliaron a las v\u00edctimas.<\/p>\n\n\n\n<p>(Con informaci\u00f3n de L\u00f3pez-D\u00f3riga Digital)<\/p>\n","protected":false},"excerpt":{"rendered":"<p>Redacci\u00f3n\/Zona Roja Cdmx. Ciudad de M\u00e9xico, a 5 de septiembre de 2023.- Este lunes, un&hellip;<\/p>\n","protected":false},"author":2,"featured_media":59494,"comment_status":"closed","ping_status":"open","sticky":false,"template":"","format":"standard","meta":{"_lmt_disableupdate":"","_lmt_disable":"","_jetpack_memberships_contains_paid_content":false,"footnotes":""},"categories":[109,47],"tags":[],"class_list":["post-59493","post","type-post","status-publish","format-standard","has-post-thumbnail","hentry","category-minuto-a-minuto","category-zona-gris"],"jetpack_featured_media_url":"https:\/\/zonaroja.com.mx\/wp-content\/uploads\/2023\/09\/Accidente-helicoptero-Jalisco.jpeg","jetpack_sharing_enabled":true,"_links":{"self":[{"href":"https:\/\/zonaroja.com.mx\/index.php?rest_route=\/wp\/v2\/posts\/59493","targetHints":{"allow":["GET"]}}],"collection":[{"href":"https:\/\/zonaroja.com.mx\/index.php?rest_route=\/wp\/v2\/posts"}],"about":[{"href":"https:\/\/zonaroja.com.mx\/index.php?rest_route=\/wp\/v2\/types\/post"}],"author":[{"embeddable":true,"href":"https:\/\/zonaroja.com.mx\/index.php?rest_route=\/wp\/v2\/users\/2"}],"replies":[{"embeddable":true,"href":"https:\/\/zonaroja.com.mx\/index.php?rest_route=%2Fwp%2Fv2%2Fcomments&post=59493"}],"version-history":[{"count":1,"href":"https:\/\/zonaroja.com.mx\/index.php?rest_route=\/wp\/v2\/posts\/59493\/revisions"}],"predecessor-version":[{"id":59495,"href":"https:\/\/zonaroja.com.mx\/index.php?rest_route=\/wp\/v2\/posts\/59493\/revisions\/59495"}],"wp:featuredmedia":[{"embeddable":true,"href":"https:\/\/zonaroja.com.mx\/index.php?rest_route=\/wp\/v2\/media\/59494"}],"wp:attachment":[{"href":"https:\/\/zonaroja.com.mx\/index.php?rest_route=%2Fwp%2Fv2%2Fmedia&parent=59493"}],"wp:term":[{"taxonomy":"category","embeddable":true,"href":"https:\/\/zonaroja.com.mx\/index.php?rest_route=%2Fwp%2Fv2%2Fcategories&post=59493"},{"taxonomy":"post_tag","embeddable":true,"href":"https:\/\/zonaroja.com.mx\/index.php?rest_route=%2Fwp%2Fv2%2Ftags&post=59493"}],"curies":[{"name":"wp","href":"https:\/\/api.w.org\/{rel}","templated":true}]}}