{"id":59503,"date":"2023-09-05T11:59:00","date_gmt":"2023-09-05T16:59:00","guid":{"rendered":"http:\/\/www.zonaroja.com.mx\/?p=59503"},"modified":"2023-09-05T09:04:57","modified_gmt":"2023-09-05T14:04:57","slug":"enfrentamiento-en-tamaulipas-deja-4-muertos-y-enciente-alertas-en-eu","status":"publish","type":"post","link":"https:\/\/zonaroja.com.mx\/?p=59503","title":{"rendered":"Enfrentamiento en Tamaulipas deja 4 muertos y enciente alertas en EU"},"content":{"rendered":"\n<p>Redacci\u00f3n\/Zona Roja Cdmx.<\/p>\n\n\n\n<p>Ciudad de M\u00e9xico, a 5 de septiembre de 2023.- Cuatro civiles armados murieron en enfrentamientos ayer con efectivos de la Secretar\u00eda de Marina (Semar), en la ciudad fronteriza de Matamoros, Tamaulipas, donde en los \u00faltimos meses se ha recrudecido la violencia por la disputa entre grupos criminales.<\/p>\n\n\n\n<p>La vocer\u00eda de Seguridad del estado difundi\u00f3 en su cuenta de X que la refriega ocurri\u00f3 la ma\u00f1ana de ayer, durante un operativo que realizaban la Semar y la Fiscal\u00eda General de Justicia en esa localidad lim\u00edtrofe con Brownsville, Texas.<\/p>\n\n\n\n<p>Ante estos hechos, el consulado general de Estados Unidos en Matamoros gir\u00f3 una orden de \u201crefugio\u201d a sus trabajadores para evitar afectaciones por la violencia.<\/p>\n\n\n\n<p>En la calle Naranjo, de la colonia Mariano Matamoros, el cuerpo de un sujeto qued\u00f3 tirado en la banqueta; los tiroteos y persecuciones se extendieron a otras zonas.<\/p>\n\n\n\n<p>Fuentes de seguridad reportaron que en el fraccionamiento Quinta Real una familia qued\u00f3 en medio de las detonaciones y una de sus integrantes result\u00f3 lesionada.<\/p>\n\n\n\n<p>Durante los choques armados, la autoridad asegur\u00f3 armas y equipos de radiocomunicaci\u00f3n, inform\u00f3 la vocer\u00eda de seguridad.<\/p>\n\n\n\n<p>EN BAJA CALIFORNIA<\/p>\n\n\n\n<p>En Baja California, en un lapso de 72 horas, dos polic\u00edas municipales de Tijuana y un elemento de la Guardia Nacional (GN) fueron ultimados en esa ciudad fronteriza.<\/p>\n\n\n\n<p>Adem\u00e1s, presuntos criminales atacaron una estaci\u00f3n de polic\u00eda en Mexicali, capital del estado.<\/p>\n\n\n\n<p>La madrugada del lunes, Ezequiel P\u00e9rez Cruz, efectivo de la GN, originario de Veracruz, de 21 a\u00f1os, fue asesinado cuando realizaba labores de vigilancia en la colonia Camino Verde.<\/p>\n\n\n\n<p>Sujetos lo atacaron a tiros dej\u00e1ndolo gravemente herido; fue trasladado de emergencia al Hospital General de Tijuana, pero falleci\u00f3 cuando era sometido a una intervenci\u00f3n quir\u00fargica.<\/p>\n\n\n\n<p>El domingo por la noche, en la colonia Terrazas del Valle, un elemento municipal perdi\u00f3 la vida tras ser baleado cuando atend\u00eda un choque entre particulares.<\/p>\n\n\n\n<p>El viernes por la tarde, el agente Francisco Miguel L\u00f3pez Llanos fue acribillado frente a su domicilio, en Playas de Tijuana; regresaba de recoger a sus hijas de la escuela.<\/p>\n\n\n\n<p>Tambi\u00e9n ayer, alrededor de las 1:58 horas de la madrugada, desconocidos atacaron a tiros la comandancia de la Estaci\u00f3n de la colonia Mayos, al poniente de Mexicali.<\/p>\n\n\n\n<p>EN COLIMA<\/p>\n\n\n\n<p>En el estado de Colima, seis personas fueron ejecutadas y tres resultaron lesionados en ataques presumiblemente vinculados con el crimen organizado en los municipios de Coquimatl\u00e1n, Colima, Tecom\u00e1n y Manzanillo, report\u00f3 la Secretar\u00eda de Seguridad P\u00fablica de la entidad.<\/p>\n\n\n\n<p>En la ciudad fronteriza de Reynosa, Tamaulipas, la Fiscal\u00eda General de la Rep\u00fablica destruy\u00f3 25 autom\u00f3viles de blindaje artesanal utilizados por los c\u00e1rteles de la droga conocidos como \u201cmonstruos\u201d.<\/p>\n\n\n\n<p>En la ciudad de San Luis Potos\u00ed, un individuo muri\u00f3 y otro qued\u00f3 herido tras una balacera en la Plaza Comercial El Dorado, inform\u00f3 la Guardia Civil Estatal.<\/p>\n\n\n\n<p>Seg\u00fan los primeros informes, se trat\u00f3 de un ataque directo, pues no hay indicios de que pudiera haber sido un robo.<\/p>\n\n\n\n<p>(Informaci\u00f3n de \u201cLa Jornada\u201d)<\/p>\n","protected":false},"excerpt":{"rendered":"<p>Redacci\u00f3n\/Zona Roja Cdmx. Ciudad de M\u00e9xico, a 5 de septiembre de 2023.- Cuatro civiles armados&hellip;<\/p>\n","protected":false},"author":2,"featured_media":47151,"comment_status":"closed","ping_status":"open","sticky":false,"template":"","format":"standard","meta":{"_lmt_disableupdate":"","_lmt_disable":"","_jetpack_memberships_contains_paid_content":false,"footnotes":""},"categories":[109,51],"tags":[1746],"class_list":["post-59503","post","type-post","status-publish","format-standard","has-post-thumbnail","hentry","category-minuto-a-minuto","category-zona-roja","tag-violencia-en-mexico"],"jetpack_featured_media_url":"https:\/\/zonaroja.com.mx\/wp-content\/uploads\/2022\/10\/Delitos-violencia-homicidios-asesinatos-Oaxaca.jpg","jetpack_sharing_enabled":true,"_links":{"self":[{"href":"https:\/\/zonaroja.com.mx\/index.php?rest_route=\/wp\/v2\/posts\/59503","targetHints":{"allow":["GET"]}}],"collection":[{"href":"https:\/\/zonaroja.com.mx\/index.php?rest_route=\/wp\/v2\/posts"}],"about":[{"href":"https:\/\/zonaroja.com.mx\/index.php?rest_route=\/wp\/v2\/types\/post"}],"author":[{"embeddable":true,"href":"https:\/\/zonaroja.com.mx\/index.php?rest_route=\/wp\/v2\/users\/2"}],"replies":[{"embeddable":true,"href":"https:\/\/zonaroja.com.mx\/index.php?rest_route=%2Fwp%2Fv2%2Fcomments&post=59503"}],"version-history":[{"count":1,"href":"https:\/\/zonaroja.com.mx\/index.php?rest_route=\/wp\/v2\/posts\/59503\/revisions"}],"predecessor-version":[{"id":59504,"href":"https:\/\/zonaroja.com.mx\/index.php?rest_route=\/wp\/v2\/posts\/59503\/revisions\/59504"}],"wp:featuredmedia":[{"embeddable":true,"href":"https:\/\/zonaroja.com.mx\/index.php?rest_route=\/wp\/v2\/media\/47151"}],"wp:attachment":[{"href":"https:\/\/zonaroja.com.mx\/index.php?rest_route=%2Fwp%2Fv2%2Fmedia&parent=59503"}],"wp:term":[{"taxonomy":"category","embeddable":true,"href":"https:\/\/zonaroja.com.mx\/index.php?rest_route=%2Fwp%2Fv2%2Fcategories&post=59503"},{"taxonomy":"post_tag","embeddable":true,"href":"https:\/\/zonaroja.com.mx\/index.php?rest_route=%2Fwp%2Fv2%2Ftags&post=59503"}],"curies":[{"name":"wp","href":"https:\/\/api.w.org\/{rel}","templated":true}]}}