{"id":59508,"date":"2023-09-05T13:18:00","date_gmt":"2023-09-05T18:18:00","guid":{"rendered":"http:\/\/www.zonaroja.com.mx\/?p=59508"},"modified":"2023-09-05T09:21:43","modified_gmt":"2023-09-05T14:21:43","slug":"reclama-familia-de-oaxaqueno-muerto-en-canada-tardanza-en-analisis-forense","status":"publish","type":"post","link":"https:\/\/zonaroja.com.mx\/?p=59508","title":{"rendered":"Reclama familia de oaxaque\u00f1o muerto en Canad\u00e1 tardanza en an\u00e1lisis forense"},"content":{"rendered":"\n<p>Redacci\u00f3n\/Zona Roja Cdmx.<\/p>\n\n\n\n<p>Ciudad de M\u00e9xico, a 5 de septiembre de 2023.- La familia de Carlos Tom\u00e1s Aranda Burgoin&nbsp;denunci\u00f3 falta de avances en la identificaci\u00f3n del cuerpo encontrado en el Lago Osoyoos, que las autoridades de Canad\u00e1 aseguran que pertenece el joven mexicano desaparecido en ese pa\u00eds.<\/p>\n\n\n\n<p>Por medio de un comunicado, la familia apunt\u00f3 que el padre y el hermano del joven esperan todav\u00eda \u201cel inicio del proceso cient\u00edfico para la identificaci\u00f3n del cad\u00e1ver\u201d.<\/p>\n\n\n\n<p>A una semana de su llegada a Canad\u00e1, los familiares de Tom\u00e1s Aranda no han sido contactados para la toma de muestras gen\u00e9ticas.<\/p>\n\n\n\n<p>Los familiares de Carlos Tom\u00e1s todav\u00eda no han sido requeridos por especialistas para tomarles las muestras gen\u00e9ticas que ser\u00e1n comparadas con las del referido cuerpo, en un an\u00e1lisis de ADN que, seg\u00fan lo dicho con anterioridad por la Real Polic\u00eda Montada de Canad\u00e1 (RCMP, en ingl\u00e9s), ser\u00eda la \u00fanica v\u00eda que permitir\u00eda determinar la identidad de la persona fallecida\u201d, asegur\u00f3.<\/p>\n\n\n\n<p>El jueves 31 de agosto se realiz\u00f3 la necropsia, pero los resultados ser\u00e1n entregados en unos cuatro meses.<\/p>\n\n\n\n<p>Aunque la necropsia de ley al citado cad\u00e1ver fue practicada el pasado jueves 31 de agosto, el informe concluyente no ser\u00e1 entregado, sino hasta dentro de cuatro meses\u201d, se inform\u00f3 en el comunicado.<\/p>\n\n\n\n<p>La familia manifest\u00f3 incertidumbre sobre si el cuerpo encontrado pertenece a Carlos Tom\u00e1s, y acus\u00f3 adem\u00e1s que no han podido realizar una inspecci\u00f3n visual del cuerpo, ni siquiera mediante fotograf\u00edas o videos.<\/p>\n\n\n\n<p>(Con informaci\u00f3n de L\u00f3pez-D\u00f3riga Digital)<\/p>\n","protected":false},"excerpt":{"rendered":"<p>Redacci\u00f3n\/Zona Roja Cdmx. Ciudad de M\u00e9xico, a 5 de septiembre de 2023.- La familia de&hellip;<\/p>\n","protected":false},"author":2,"featured_media":59168,"comment_status":"closed","ping_status":"open","sticky":false,"template":"","format":"standard","meta":{"_lmt_disableupdate":"","_lmt_disable":"","_jetpack_memberships_contains_paid_content":false,"footnotes":""},"categories":[109,47],"tags":[],"class_list":["post-59508","post","type-post","status-publish","format-standard","has-post-thumbnail","hentry","category-minuto-a-minuto","category-zona-gris"],"jetpack_featured_media_url":"https:\/\/zonaroja.com.mx\/wp-content\/uploads\/2023\/08\/Carlos-Tomas-Aranda-Canada.webp","jetpack_sharing_enabled":true,"_links":{"self":[{"href":"https:\/\/zonaroja.com.mx\/index.php?rest_route=\/wp\/v2\/posts\/59508","targetHints":{"allow":["GET"]}}],"collection":[{"href":"https:\/\/zonaroja.com.mx\/index.php?rest_route=\/wp\/v2\/posts"}],"about":[{"href":"https:\/\/zonaroja.com.mx\/index.php?rest_route=\/wp\/v2\/types\/post"}],"author":[{"embeddable":true,"href":"https:\/\/zonaroja.com.mx\/index.php?rest_route=\/wp\/v2\/users\/2"}],"replies":[{"embeddable":true,"href":"https:\/\/zonaroja.com.mx\/index.php?rest_route=%2Fwp%2Fv2%2Fcomments&post=59508"}],"version-history":[{"count":1,"href":"https:\/\/zonaroja.com.mx\/index.php?rest_route=\/wp\/v2\/posts\/59508\/revisions"}],"predecessor-version":[{"id":59509,"href":"https:\/\/zonaroja.com.mx\/index.php?rest_route=\/wp\/v2\/posts\/59508\/revisions\/59509"}],"wp:featuredmedia":[{"embeddable":true,"href":"https:\/\/zonaroja.com.mx\/index.php?rest_route=\/wp\/v2\/media\/59168"}],"wp:attachment":[{"href":"https:\/\/zonaroja.com.mx\/index.php?rest_route=%2Fwp%2Fv2%2Fmedia&parent=59508"}],"wp:term":[{"taxonomy":"category","embeddable":true,"href":"https:\/\/zonaroja.com.mx\/index.php?rest_route=%2Fwp%2Fv2%2Fcategories&post=59508"},{"taxonomy":"post_tag","embeddable":true,"href":"https:\/\/zonaroja.com.mx\/index.php?rest_route=%2Fwp%2Fv2%2Ftags&post=59508"}],"curies":[{"name":"wp","href":"https:\/\/api.w.org\/{rel}","templated":true}]}}