{"id":59512,"date":"2023-09-05T19:26:12","date_gmt":"2023-09-06T00:26:12","guid":{"rendered":"http:\/\/www.zonaroja.com.mx\/?p=59512"},"modified":"2023-09-05T19:26:16","modified_gmt":"2023-09-06T00:26:16","slug":"persiste-acoso-sexual-de-docentes-en-universidades-ahora-en-la-ubbj","status":"publish","type":"post","link":"https:\/\/zonaroja.com.mx\/?p=59512","title":{"rendered":"Persiste acoso sexual de docentes en universidades, ahora en la UBBJ"},"content":{"rendered":"\n<p>Yuridiana Sosa\/Zona Roja.<\/p>\n\n\n\n<p>Oaxaca de Ju\u00e1rez, Oax., a 5 de septiembre de 2023.- El acoso y hostigamiento sexual contra alumnos universitarios por parte de docentes contin\u00faa sin control en la entidad, lo que llev\u00f3 a una jornada de protesta a alumnos de la Universidad para el Bienestar \u201cBenito Ju\u00e1rez Garc\u00eda\u201d.<\/p>\n\n\n\n<p>Tanto mujeres como varones se unieron a la manifestaci\u00f3n para denunciar los actos de acoso y hostigamiento sexual del docente identificado como el Qu\u00edmico Froyl\u00e1n Avenda\u00f1o \u00c1lvarez, de la Licenciatura de Medicina y Salud Comunitaria, quien cuenta con la protecci\u00f3n de la coordinaci\u00f3n escolar.<\/p>\n\n\n\n<p>Los actos contra el alumnado se han registrado en los diferentes semestres, pero actualmente los m\u00e1s vulnerables son los grupos de nuevo ingreso.<\/p>\n\n\n\n<p>Para detener este problema, los alumnos de la Universidad \u201cBenito Ju\u00e1rez\u201d, ubicada en el municipio conurbado de Villa de Zaachila, exigen una mesa de di\u00e1logo con la directora general, Raquel Sosa para exponerle de manera directa la situaci\u00f3n.<\/p>\n\n\n\n<p>Al tiempo que demandan la destituci\u00f3n inmediata de Froyl\u00e1n Avenda\u00f1o \u00c1lvarez, quien, adem\u00e1s, apuntaron, cuenta con antecedentes de dichos actos ilegales y de discriminaci\u00f3n.<\/p>\n\n\n\n<p>Ante esos motivos, el alumnado exige una investigaci\u00f3n adecuada contra el docente, quien fue denunciado por los afectados y matr\u00edcula escolar ante la coordinaci\u00f3n de la licenciatura, para que actuara contra el docente, pero no fue atendida debido a \u201cfalta de pruebas\u201d, justific\u00f3 la autoridad escolar ante los quejosos.<\/p>\n\n\n\n<p>Sin embargo, las alumnos y alumnos se\u00f1alaron que el docente los \u201ctoca\u201d en cualquier momento que tenga oportunidad de hacerlo, sin que exista motivo; as\u00ed como les env\u00eda mensajes al celular con textos que no corresponden a las clases impartidas, ni sin apropiados.<\/p>\n\n\n\n<p>Los alumnos de Medicina exigen un coordinador que cumpla con las necesidades de los estudiantes; nuevas instalaciones adecuadas para la carrera y que no haya actos de represalias contra quienes se manifestaron desde el lunes en las instalaciones de la Universidad, perteneciente al Gobierno de M\u00e9xico.<\/p>\n\n\n\n<p>La protesta de los estudiantes inici\u00f3 este 4 de septiembre con la \u201ctoma\u201d de la Universidad y bloqueo de la calle de Neptuno, en el municipio de Villa de Zaachila.<\/p>\n","protected":false},"excerpt":{"rendered":"<p>Yuridiana Sosa\/Zona Roja. Oaxaca de Ju\u00e1rez, Oax., a 5 de septiembre de 2023.- El acoso&hellip;<\/p>\n","protected":false},"author":2,"featured_media":59513,"comment_status":"closed","ping_status":"open","sticky":false,"template":"","format":"standard","meta":{"_lmt_disableupdate":"","_lmt_disable":"","_jetpack_memberships_contains_paid_content":false,"footnotes":""},"categories":[109,47],"tags":[155],"class_list":["post-59512","post","type-post","status-publish","format-standard","has-post-thumbnail","hentry","category-minuto-a-minuto","category-zona-gris","tag-villa-de-zaachila"],"jetpack_featured_media_url":"https:\/\/zonaroja.com.mx\/wp-content\/uploads\/2023\/09\/Universidad-Bienestar-Zaachila.jpg","jetpack_sharing_enabled":true,"_links":{"self":[{"href":"https:\/\/zonaroja.com.mx\/index.php?rest_route=\/wp\/v2\/posts\/59512","targetHints":{"allow":["GET"]}}],"collection":[{"href":"https:\/\/zonaroja.com.mx\/index.php?rest_route=\/wp\/v2\/posts"}],"about":[{"href":"https:\/\/zonaroja.com.mx\/index.php?rest_route=\/wp\/v2\/types\/post"}],"author":[{"embeddable":true,"href":"https:\/\/zonaroja.com.mx\/index.php?rest_route=\/wp\/v2\/users\/2"}],"replies":[{"embeddable":true,"href":"https:\/\/zonaroja.com.mx\/index.php?rest_route=%2Fwp%2Fv2%2Fcomments&post=59512"}],"version-history":[{"count":1,"href":"https:\/\/zonaroja.com.mx\/index.php?rest_route=\/wp\/v2\/posts\/59512\/revisions"}],"predecessor-version":[{"id":59514,"href":"https:\/\/zonaroja.com.mx\/index.php?rest_route=\/wp\/v2\/posts\/59512\/revisions\/59514"}],"wp:featuredmedia":[{"embeddable":true,"href":"https:\/\/zonaroja.com.mx\/index.php?rest_route=\/wp\/v2\/media\/59513"}],"wp:attachment":[{"href":"https:\/\/zonaroja.com.mx\/index.php?rest_route=%2Fwp%2Fv2%2Fmedia&parent=59512"}],"wp:term":[{"taxonomy":"category","embeddable":true,"href":"https:\/\/zonaroja.com.mx\/index.php?rest_route=%2Fwp%2Fv2%2Fcategories&post=59512"},{"taxonomy":"post_tag","embeddable":true,"href":"https:\/\/zonaroja.com.mx\/index.php?rest_route=%2Fwp%2Fv2%2Ftags&post=59512"}],"curies":[{"name":"wp","href":"https:\/\/api.w.org\/{rel}","templated":true}]}}