{"id":59518,"date":"2023-09-05T21:32:40","date_gmt":"2023-09-06T02:32:40","guid":{"rendered":"http:\/\/www.zonaroja.com.mx\/?p=59518"},"modified":"2023-09-05T21:44:38","modified_gmt":"2023-09-06T02:44:38","slug":"eran-5-los-retenidos-de-san-miguel-el-grande-liberan-a-3-incluyendo-estudiantes","status":"publish","type":"post","link":"https:\/\/zonaroja.com.mx\/?p=59518","title":{"rendered":"Eran 5 los retenidos de San Miguel El Grande; liberan a 3, incluyendo estudiantes"},"content":{"rendered":"\n<p>Redacci\u00f3n\/Zona Roja.<\/p>\n\n\n\n<p>Oaxaca de Ju\u00e1rez, Max., a 5 de septiembre de 2023.- El Gobierno del Estado de Oaxaca confirm\u00f3 que eran cinco las personas de San Miguel El Grande retenidas desde ayer por pobladores de Llano de Guadalupe, de los cuales tres fueron liberados hoy, incluyendo los estudiantes.<\/p>\n\n\n\n<p>En un comunicado, detall\u00f3 que la reacci\u00f3n de Llano Grande es en represalia por la detenci\u00f3n de uno de los pobladores, detenido por la Fiscal\u00eda General del Estado de Oaxaca como presunto responsable del asesinato de tres personas, el pasado 5 de mayo.<\/p>\n\n\n\n<p>A trav\u00e9s de la Secretar\u00eda de Gobierno (Sego), la autoridad estatal inform\u00f3 que se convoc\u00f3 a ambas partes a actuar apegados a los principios del derecho, sin olvidar que lo que est\u00e1 en juego son vidas humanas.&nbsp;<\/p>\n\n\n\n<p>\u201cHacemos un llamado para que se act\u00fae con responsabilidad y se liberen a todas las personas retenidas de manera inmediata, permitiendo que el proceso de la persona a la que fue ejecutada una orden de aprehensi\u00f3n emitida por la Fiscal\u00eda General del Estado de Oaxaca (FGEO), siga su curso en el marco de la ley\u201d, expuso.<\/p>\n\n\n\n<p>Agreg\u00f3 que, de acuerdo con la informaci\u00f3n proporcionada por la Delegada de Paz de la regi\u00f3n Mixteca, Yarenin P\u00e9rez Jim\u00e9nez, las dos personas que permanecen retenidas son Luis Ram\u00edrez Cruz y Daniel Cuevas S\u00e1nchez; mientras que Adita Isela Olivera, el menor Abimael S. R. y Jos\u00e9 \u00c1ngel S\u00e1nchez Cruz fueron liberados el mismo d\u00eda en que ocurrieron los hechos.<\/p>\n\n\n\n<p>\u201cLa Sego lamenta que las partes implicadas en este lamentable hecho se nieguen a privilegiar el di\u00e1logo como herramienta para encontrar la soluci\u00f3n, optando por la privaci\u00f3n ilegal de las personas como garant\u00eda para evitar que adem\u00e1s de la ya existente, sean ejecutadas dos \u00f3rdenes de aprehensi\u00f3n m\u00e1s por parte de la FGEO\u201d, expuso el gobierno en su comunicado.<\/p>\n\n\n\n<p>Reiter\u00f3 que continuar\u00e1n los esfuerzos hasta lograr la liberaci\u00f3n de todas las personas retenidas, anteponiendo el dialogo abierto como \u00fanica v\u00eda para alcanzar consensos que devuelvan la paz a las y los habitantes de ambas comunidades.<\/p>\n\n\n\n<p>En tanto, en un video difundido hoy, las autoridades municipales y agrarias de San Miguel El Grande, municipio de la regi\u00f3n Mixteca del estado, pidieron a los gobiernos estatal y federal, as\u00ed como organismos de derechos humanos, reiter\u00f3 su exigencia de la liberaci\u00f3n de los retenidos.<\/p>\n\n\n\n<p>Al tiempo de responsabilizar al municipio de la Heroica Ciudad de Tlaxiaco y a la agencia de Llano de Guadalupe \u2014con quienes mantiene un conflicto agrario\u2014 de las acciones violentas.<\/p>\n\n\n\n<p>dentro <\/p>\n","protected":false},"excerpt":{"rendered":"<p>Redacci\u00f3n\/Zona Roja. Oaxaca de Ju\u00e1rez, Max., a 5 de septiembre de 2023.- El Gobierno del&hellip;<\/p>\n","protected":false},"author":2,"featured_media":59522,"comment_status":"closed","ping_status":"open","sticky":false,"template":"","format":"standard","meta":{"_lmt_disableupdate":"","_lmt_disable":"","_jetpack_memberships_contains_paid_content":false,"footnotes":""},"categories":[109,47],"tags":[3475],"class_list":["post-59518","post","type-post","status-publish","format-standard","has-post-thumbnail","hentry","category-minuto-a-minuto","category-zona-gris","tag-san-miguel-el-grande"],"jetpack_featured_media_url":"https:\/\/zonaroja.com.mx\/wp-content\/uploads\/2023\/09\/San-Miguel-El-Grande-1.jpg","jetpack_sharing_enabled":true,"_links":{"self":[{"href":"https:\/\/zonaroja.com.mx\/index.php?rest_route=\/wp\/v2\/posts\/59518","targetHints":{"allow":["GET"]}}],"collection":[{"href":"https:\/\/zonaroja.com.mx\/index.php?rest_route=\/wp\/v2\/posts"}],"about":[{"href":"https:\/\/zonaroja.com.mx\/index.php?rest_route=\/wp\/v2\/types\/post"}],"author":[{"embeddable":true,"href":"https:\/\/zonaroja.com.mx\/index.php?rest_route=\/wp\/v2\/users\/2"}],"replies":[{"embeddable":true,"href":"https:\/\/zonaroja.com.mx\/index.php?rest_route=%2Fwp%2Fv2%2Fcomments&post=59518"}],"version-history":[{"count":2,"href":"https:\/\/zonaroja.com.mx\/index.php?rest_route=\/wp\/v2\/posts\/59518\/revisions"}],"predecessor-version":[{"id":59523,"href":"https:\/\/zonaroja.com.mx\/index.php?rest_route=\/wp\/v2\/posts\/59518\/revisions\/59523"}],"wp:featuredmedia":[{"embeddable":true,"href":"https:\/\/zonaroja.com.mx\/index.php?rest_route=\/wp\/v2\/media\/59522"}],"wp:attachment":[{"href":"https:\/\/zonaroja.com.mx\/index.php?rest_route=%2Fwp%2Fv2%2Fmedia&parent=59518"}],"wp:term":[{"taxonomy":"category","embeddable":true,"href":"https:\/\/zonaroja.com.mx\/index.php?rest_route=%2Fwp%2Fv2%2Fcategories&post=59518"},{"taxonomy":"post_tag","embeddable":true,"href":"https:\/\/zonaroja.com.mx\/index.php?rest_route=%2Fwp%2Fv2%2Ftags&post=59518"}],"curies":[{"name":"wp","href":"https:\/\/api.w.org\/{rel}","templated":true}]}}