{"id":59524,"date":"2023-09-05T22:40:59","date_gmt":"2023-09-06T03:40:59","guid":{"rendered":"http:\/\/www.zonaroja.com.mx\/?p=59524"},"modified":"2023-09-05T22:41:02","modified_gmt":"2023-09-06T03:41:02","slug":"asesinan-a-balazos-a-dos-personas-en-la-mixteca-y-una-en-la-costa","status":"publish","type":"post","link":"https:\/\/zonaroja.com.mx\/?p=59524","title":{"rendered":"Asesinan a balazos a dos personas en la Mixteca y una en la Costa"},"content":{"rendered":"\n<p>Ismael Garc\u00eda M.\/Zona Roja.<\/p>\n\n\n\n<p>Oaxaca de Ju\u00e1rez, Max., a 5 de septiembre de 2023.- Tres personas, entre ellas una mujer, fueron asesinadas en las \u00faltimas horas, en las regiones Mixteca y Costa de Oaxaca.<\/p>\n\n\n\n<p>En la colonia Arroyo Seco del municipio de San Pedro Mixtepec, distrito de Juquila, un individuo fue ejecutado a balazos.<\/p>\n\n\n\n<p>Presuntamente los agresores viajaban a bordo de una camioneta y lograron darse a la fuga, sin que hubiera polic\u00edas municipales en la zona; la v\u00edctima a\u00fan no ha sido identificada.<\/p>\n\n\n\n<p>Mientras que en la agencia de Santa Mar\u00eda La Lima, del municipio de Mesones Hidalgo, fueron ultimados un hombre y una mujer, ambos de la tercera edad.<\/p>\n\n\n\n<p>Los cuerpos presentan disparos de arma de fuego, al parecer escopeta, y fueron identificados como Jorge Q. C., de 62 a\u00f1os de edad, y una femenina de 61 a\u00f1os.<\/p>\n\n\n\n<p>Personal de la Fiscal\u00eda General del Estado de Oaxaca inici\u00f3 las indagatorias correspondientes, con la finalidad de dar con el o los responsables de estos cr\u00edmenes.<\/p>\n","protected":false},"excerpt":{"rendered":"<p>Ismael Garc\u00eda M.\/Zona Roja. Oaxaca de Ju\u00e1rez, Max., a 5 de septiembre de 2023.- Tres&hellip;<\/p>\n","protected":false},"author":2,"featured_media":59525,"comment_status":"closed","ping_status":"open","sticky":false,"template":"","format":"standard","meta":{"_lmt_disableupdate":"","_lmt_disable":"","_jetpack_memberships_contains_paid_content":false,"footnotes":""},"categories":[109,51],"tags":[2978,890],"class_list":["post-59524","post","type-post","status-publish","format-standard","has-post-thumbnail","hentry","category-minuto-a-minuto","category-zona-roja","tag-mesones-hidalgo","tag-san-pedro-mixtepec"],"jetpack_featured_media_url":"https:\/\/zonaroja.com.mx\/wp-content\/uploads\/2023\/09\/Asesinado-SanPedro-Mixtepec.webp","jetpack_sharing_enabled":true,"_links":{"self":[{"href":"https:\/\/zonaroja.com.mx\/index.php?rest_route=\/wp\/v2\/posts\/59524","targetHints":{"allow":["GET"]}}],"collection":[{"href":"https:\/\/zonaroja.com.mx\/index.php?rest_route=\/wp\/v2\/posts"}],"about":[{"href":"https:\/\/zonaroja.com.mx\/index.php?rest_route=\/wp\/v2\/types\/post"}],"author":[{"embeddable":true,"href":"https:\/\/zonaroja.com.mx\/index.php?rest_route=\/wp\/v2\/users\/2"}],"replies":[{"embeddable":true,"href":"https:\/\/zonaroja.com.mx\/index.php?rest_route=%2Fwp%2Fv2%2Fcomments&post=59524"}],"version-history":[{"count":1,"href":"https:\/\/zonaroja.com.mx\/index.php?rest_route=\/wp\/v2\/posts\/59524\/revisions"}],"predecessor-version":[{"id":59526,"href":"https:\/\/zonaroja.com.mx\/index.php?rest_route=\/wp\/v2\/posts\/59524\/revisions\/59526"}],"wp:featuredmedia":[{"embeddable":true,"href":"https:\/\/zonaroja.com.mx\/index.php?rest_route=\/wp\/v2\/media\/59525"}],"wp:attachment":[{"href":"https:\/\/zonaroja.com.mx\/index.php?rest_route=%2Fwp%2Fv2%2Fmedia&parent=59524"}],"wp:term":[{"taxonomy":"category","embeddable":true,"href":"https:\/\/zonaroja.com.mx\/index.php?rest_route=%2Fwp%2Fv2%2Fcategories&post=59524"},{"taxonomy":"post_tag","embeddable":true,"href":"https:\/\/zonaroja.com.mx\/index.php?rest_route=%2Fwp%2Fv2%2Ftags&post=59524"}],"curies":[{"name":"wp","href":"https:\/\/api.w.org\/{rel}","templated":true}]}}