{"id":59527,"date":"2023-09-05T23:29:21","date_gmt":"2023-09-06T04:29:21","guid":{"rendered":"http:\/\/www.zonaroja.com.mx\/?p=59527"},"modified":"2023-09-05T23:29:23","modified_gmt":"2023-09-06T04:29:23","slug":"por-fiestas-patrias-secretaria-de-administracion-embellece-en-la-capital-oaxaquena","status":"publish","type":"post","link":"https:\/\/zonaroja.com.mx\/?p=59527","title":{"rendered":"Por fiestas patrias, Secretar\u00eda de Administraci\u00f3n embellece en la capital oaxaque\u00f1a"},"content":{"rendered":"\n<p>Redacci\u00f3n\/Zona Roja.<\/p>\n\n\n\n<p>Oaxaca de Ju\u00e1rez, Oax. 5 de septiembre de 2023.- Con motivo de la conmemoraci\u00f3n de las fiestas patrias, el Gobierno del Estado a trav\u00e9s de la Secretar\u00eda de Administraci\u00f3n coloc\u00f3 luminarias tricolores entorno al primer cuadro de la ciudad de Oaxaca; el objetivo es ofrecer es a la ciudadan\u00eda y al turismo un entorno embellecido en esta significativa temporada.<\/p>\n\n\n\n<p>El equipo de la Secretar\u00eda de Administraci\u00f3n que encabeza Antonino Morales Toledo, a trav\u00e9s del departamento de Eventos Especiales, instal\u00f3 un total de cuatro mil 500 focos tricolores en distintos puntos estrat\u00e9gicos. Adem\u00e1s, m\u00e1s de dos mil luces que iluminan ya el Andador Tur\u00edstico Macedonio Alcal\u00e1 y la Avenida Independencia para rememorar nuestra identidad mexicana.<\/p>\n\n\n\n<p>Tambi\u00e9n, se instalaron dos mil 500 focos en las calles principales, dos mil 990 focos y dos mil 250 metros de cable en el quiosco, tambi\u00e9n se instalaron 720 metros de iluminaci\u00f3n en forma de abanico en el Z\u00f3calo de Oaxaca.<\/p>\n\n\n\n<p>Cada calle principal ha sido adornada en un tramo de 500 metros con tiras luminosas de 70 metros por cuadra, abarcando en total cinco cuadras.<\/p>\n\n\n\n<p>Con esta acci\u00f3n el Gobierno de Oaxaca que encabeza Salom\u00f3n Jara Cruz, mantiene vivas las tradiciones mexicanas, contribuyendo as\u00ed al fortalecimiento de la identidad nacional.<\/p>\n","protected":false},"excerpt":{"rendered":"<p>Redacci\u00f3n\/Zona Roja. Oaxaca de Ju\u00e1rez, Oax. 5 de septiembre de 2023.- Con motivo de la&hellip;<\/p>\n","protected":false},"author":2,"featured_media":59528,"comment_status":"closed","ping_status":"open","sticky":false,"template":"","format":"standard","meta":{"_lmt_disableupdate":"","_lmt_disable":"","_jetpack_memberships_contains_paid_content":false,"footnotes":""},"categories":[109,46],"tags":[1989],"class_list":["post-59527","post","type-post","status-publish","format-standard","has-post-thumbnail","hentry","category-minuto-a-minuto","category-zona-blanca","tag-secretaria-de-administracion"],"jetpack_featured_media_url":"https:\/\/zonaroja.com.mx\/wp-content\/uploads\/2023\/09\/Zocalo-Oaxaca-colores-patrios.jpeg","jetpack_sharing_enabled":true,"_links":{"self":[{"href":"https:\/\/zonaroja.com.mx\/index.php?rest_route=\/wp\/v2\/posts\/59527","targetHints":{"allow":["GET"]}}],"collection":[{"href":"https:\/\/zonaroja.com.mx\/index.php?rest_route=\/wp\/v2\/posts"}],"about":[{"href":"https:\/\/zonaroja.com.mx\/index.php?rest_route=\/wp\/v2\/types\/post"}],"author":[{"embeddable":true,"href":"https:\/\/zonaroja.com.mx\/index.php?rest_route=\/wp\/v2\/users\/2"}],"replies":[{"embeddable":true,"href":"https:\/\/zonaroja.com.mx\/index.php?rest_route=%2Fwp%2Fv2%2Fcomments&post=59527"}],"version-history":[{"count":1,"href":"https:\/\/zonaroja.com.mx\/index.php?rest_route=\/wp\/v2\/posts\/59527\/revisions"}],"predecessor-version":[{"id":59529,"href":"https:\/\/zonaroja.com.mx\/index.php?rest_route=\/wp\/v2\/posts\/59527\/revisions\/59529"}],"wp:featuredmedia":[{"embeddable":true,"href":"https:\/\/zonaroja.com.mx\/index.php?rest_route=\/wp\/v2\/media\/59528"}],"wp:attachment":[{"href":"https:\/\/zonaroja.com.mx\/index.php?rest_route=%2Fwp%2Fv2%2Fmedia&parent=59527"}],"wp:term":[{"taxonomy":"category","embeddable":true,"href":"https:\/\/zonaroja.com.mx\/index.php?rest_route=%2Fwp%2Fv2%2Fcategories&post=59527"},{"taxonomy":"post_tag","embeddable":true,"href":"https:\/\/zonaroja.com.mx\/index.php?rest_route=%2Fwp%2Fv2%2Ftags&post=59527"}],"curies":[{"name":"wp","href":"https:\/\/api.w.org\/{rel}","templated":true}]}}