{"id":5953,"date":"2019-11-21T22:23:02","date_gmt":"2019-11-22T04:23:02","guid":{"rendered":"http:\/\/www.zonaroja.com.mx\/?p=5953"},"modified":"2019-11-21T22:23:18","modified_gmt":"2019-11-22T04:23:18","slug":"se-salvaron-de-milagro-megaexplosion-en-la-capital-deja-nueve-heridos","status":"publish","type":"post","link":"https:\/\/zonaroja.com.mx\/?p=5953","title":{"rendered":"\u00a1Se salvaron de milagro! Megaexplosi\u00f3n en la capital deja nueve heridos"},"content":{"rendered":"\n<p>Ismael Garc\u00eda M.\/Zona Roja.<\/p>\n\n\n\n<p>Oaxaca de Ju\u00e1rez, Oax., 21 de noviembre\nde 2019.- \u00a1Auxilio, auxilio, por favor mi casa se va a caer! \u00a1Ayuda, ayuda, no\nencuentro a mis hijos! <\/p>\n\n\n\n<p>Los gritos de dolor y angustia se\nmezclaron con el temor minutos antes de las dos de la tarde. <\/p>\n\n\n\n<p>Una megaexplosi\u00f3n cimbr\u00f3 la agencia de\nSan Mart\u00edn Mexic\u00e1pam y parte de Montoya, de la ciudad de Oaxaca.<\/p>\n\n\n\n<p>Primero se dijo que fue un cilindro de\ngas, despu\u00e9s que un tanque estacionario y al final fue la acumulaci\u00f3n de gas en\nun horno, lo que estuvo a punto de causar la tragedia.<\/p>\n\n\n\n<p>El sitio, la panader\u00eda \u201cErick\u201d, ubicada en la calle Cuitl\u00e1huac n\u00famero 121 de la colonia Moctezuma, en la agencia de Moctezuma.<\/p>\n\n\n\n<figure class=\"wp-block-embed-twitter wp-block-embed is-type-rich is-provider-twitter\"><div class=\"wp-block-embed__wrapper\">\n<div class=\"twitter-tweet\"><blockquote class=\"twitter-tweet\" data-lang=\"es\"><p lang=\"es\" dir=\"ltr\">Este video del reportero <a href=\"https:\/\/twitter.com\/edgargalann?ref_src=twsrc%5Etfw\">@edgargalann<\/a> muestra el sitio exacto de la explosi\u00f3n hoy en una panader\u00eda de la colonia Moctezuma, ciudad de Oaxaca, adem\u00e1s de parte de los da\u00f1os materiales ocasionados en la zona. <a href=\"https:\/\/t.co\/SleQqt6Z4K\">pic.twitter.com\/SleQqt6Z4K<\/a><\/p>&mdash; Zona Roja Oaxaca (@MexRoja) <a href=\"https:\/\/twitter.com\/MexRoja\/status\/1197726299005038592?ref_src=twsrc%5Etfw\">22 de noviembre de 2019<\/a><\/blockquote><\/div>\n<\/div><\/figure>\n\n\n\n<p>A esa hora, acababan de salir alumnos\nde la primaria \u201cPolicarpoT. S\u00e1nchez\u201d, a una cuadra del siniestro, al igual que\nlos de la Secundaria 106, a dos cuadras del sitio.<\/p>\n\n\n\n<p>Pero el pavor tambi\u00e9n se apoder\u00f3 de\ntodos, alumnos, padres de familia, maestros. Muchos que a\u00fan quedaban en los\nplanteles educativos huyeron despavoridos hacia sus casas, dejando a\u00fan mochilas\ny loncheras. <\/p>\n\n\n\n<p>Madres angustiadas que corr\u00edan por todos\nlados; l\u00e1grimas, dos de nueve v\u00edctimas, con quemaduras.<\/p>\n\n\n\n<p>El ulular de sirenas pronto invadi\u00f3 la\nzona, en las faldas del cerro de Monte Alb\u00e1n, entre ellas unidades del Cuerpo\nde Bomberos, ambulancias de la Cruz Roja y de un organismo civil.<\/p>\n\n\n\n<p>Destrozos por doquier en cuando menos dos cuadras, con vidrios rotos, una casa destruida, paredes cuarteadas, veh\u00edculos da\u00f1ados, presagiaban una gran tragedia.<\/p>\n\n\n\n<figure class=\"wp-block-embed-twitter wp-block-embed is-type-rich is-provider-twitter\"><div class=\"wp-block-embed__wrapper\">\n<div class=\"twitter-tweet\"><blockquote class=\"twitter-tweet\" data-lang=\"es\"><p lang=\"es\" dir=\"ltr\">(3) Diversas viviendas resultaron da\u00f1adas, adem\u00e1s de veh\u00edculos, en varias cuadras de la colonia Moctezuma de la capital oaxaque\u00f1a. <a href=\"https:\/\/t.co\/4JEZNdLMIl\">pic.twitter.com\/4JEZNdLMIl<\/a><\/p>&mdash; Zona Roja Oaxaca (@MexRoja) <a href=\"https:\/\/twitter.com\/MexRoja\/status\/1197623958083903489?ref_src=twsrc%5Etfw\">21 de noviembre de 2019<\/a><\/blockquote><\/div>\n<\/div><\/figure>\n\n\n\n<p>Pero al paso de las horas, el temor se\ndespej\u00f3. <\/p>\n\n\n\n<p>Del total de la poblaci\u00f3n estudiantil,\n20 adolescentes presentaron crisis nerviosa, mismos que no requirieron atenci\u00f3n\nm\u00e9dica; mientras que el menor \u201cCarlos N\u201d fue trasladado por su mam\u00e1 para\nrevisi\u00f3n, as\u00ed mismo en el lugar se atendi\u00f3 a \u201cJeidy Judith M\u201d y \u201cKevin H\u201d;\nninguno de ellos present\u00f3 lesi\u00f3n de consideraci\u00f3n.<\/p>\n\n\n\n<p>De las nueve personas heridas, de\nacuerdo con la Coordinaci\u00f3n Estatal de Protecci\u00f3n Civil, dos ameritaron\natenci\u00f3n hospitalaria, y se reportan fuera de peligro.<\/p>\n\n\n\n<p>A eso de las cuatro de la tarde, por\nfin arribaron peritos de la Fiscal\u00eda General del Estado, para las diligencias\ncorrespondientes. Minutos despu\u00e9s, dos patrullas militares con elementos de la\nGuardia Nacional\u2026 cuando ya todo el peligro ya hab\u00eda pasado.<\/p>\n\n\n\n<p>Por la noche, por seguridad de las familias, pernoctan en la escuela primaria, convertida en albergue. <\/p>\n\n\n\n<figure class=\"wp-block-embed-twitter wp-block-embed is-type-rich is-provider-twitter\"><div class=\"wp-block-embed__wrapper\">\n<div class=\"twitter-tweet\"><blockquote class=\"twitter-tweet\" data-lang=\"es\"><p lang=\"es\" dir=\"ltr\">(1) Una fuerte y explosi\u00f3n de un tanque de gas ocurri\u00f3 esta tarde en la colonia Moctezuma de San Mart\u00edn Mexic\u00e1pam, ciudad de Oaxaca. <a href=\"https:\/\/t.co\/nycoS2nlHG\">pic.twitter.com\/nycoS2nlHG<\/a><\/p>&mdash; Zona Roja Oaxaca (@MexRoja) <a href=\"https:\/\/twitter.com\/MexRoja\/status\/1197619500469886983?ref_src=twsrc%5Etfw\">21 de noviembre de 2019<\/a><\/blockquote><\/div>\n<\/div><\/figure>\n","protected":false},"excerpt":{"rendered":"<p>Ismael Garc\u00eda M.\/Zona Roja. Oaxaca de Ju\u00e1rez, Oax., 21 de noviembre de 2019.- \u00a1Auxilio, auxilio,&hellip;<\/p>\n","protected":false},"author":2,"featured_media":5954,"comment_status":"closed","ping_status":"open","sticky":false,"template":"","format":"standard","meta":{"_lmt_disableupdate":"","_lmt_disable":"","_jetpack_memberships_contains_paid_content":false,"footnotes":""},"categories":[109,47],"tags":[1040],"class_list":["post-5953","post","type-post","status-publish","format-standard","has-post-thumbnail","hentry","category-minuto-a-minuto","category-zona-gris","tag-san-martin-mexicapam"],"jetpack_featured_media_url":"https:\/\/zonaroja.com.mx\/wp-content\/uploads\/2019\/11\/Explosi\u00f3n-San-Mart\u00edn.jpg","jetpack_sharing_enabled":true,"_links":{"self":[{"href":"https:\/\/zonaroja.com.mx\/index.php?rest_route=\/wp\/v2\/posts\/5953","targetHints":{"allow":["GET"]}}],"collection":[{"href":"https:\/\/zonaroja.com.mx\/index.php?rest_route=\/wp\/v2\/posts"}],"about":[{"href":"https:\/\/zonaroja.com.mx\/index.php?rest_route=\/wp\/v2\/types\/post"}],"author":[{"embeddable":true,"href":"https:\/\/zonaroja.com.mx\/index.php?rest_route=\/wp\/v2\/users\/2"}],"replies":[{"embeddable":true,"href":"https:\/\/zonaroja.com.mx\/index.php?rest_route=%2Fwp%2Fv2%2Fcomments&post=5953"}],"version-history":[{"count":1,"href":"https:\/\/zonaroja.com.mx\/index.php?rest_route=\/wp\/v2\/posts\/5953\/revisions"}],"predecessor-version":[{"id":5955,"href":"https:\/\/zonaroja.com.mx\/index.php?rest_route=\/wp\/v2\/posts\/5953\/revisions\/5955"}],"wp:featuredmedia":[{"embeddable":true,"href":"https:\/\/zonaroja.com.mx\/index.php?rest_route=\/wp\/v2\/media\/5954"}],"wp:attachment":[{"href":"https:\/\/zonaroja.com.mx\/index.php?rest_route=%2Fwp%2Fv2%2Fmedia&parent=5953"}],"wp:term":[{"taxonomy":"category","embeddable":true,"href":"https:\/\/zonaroja.com.mx\/index.php?rest_route=%2Fwp%2Fv2%2Fcategories&post=5953"},{"taxonomy":"post_tag","embeddable":true,"href":"https:\/\/zonaroja.com.mx\/index.php?rest_route=%2Fwp%2Fv2%2Ftags&post=5953"}],"curies":[{"name":"wp","href":"https:\/\/api.w.org\/{rel}","templated":true}]}}