{"id":59530,"date":"2023-09-06T08:00:34","date_gmt":"2023-09-06T13:00:34","guid":{"rendered":"http:\/\/www.zonaroja.com.mx\/?p=59530"},"modified":"2023-09-06T08:00:36","modified_gmt":"2023-09-06T13:00:36","slug":"detienen-a-profesor-de-bachillerato-en-oaxaca-por-hostigamiento-sexual","status":"publish","type":"post","link":"https:\/\/zonaroja.com.mx\/?p=59530","title":{"rendered":"Detienen a profesor de bachillerato en Oaxaca por hostigamiento sexual"},"content":{"rendered":"\n<p>Redacci\u00f3n\/Zona Roja.<\/p>\n\n\n\n<p>Oaxaca de Ju\u00e1rez, Oax., a 6 de septiembre de 2023.-\u00a0La Fiscal\u00eda General del Estado de Oaxaca (FGEO) obtuvo auto de vinculaci\u00f3n a proceso contra una persona del sexo masculino identificada como J. R. H. L., profesor de una escuela de educaci\u00f3n media-superior, imputado por el delito de Hostigamiento Sexual Agravado contra una alumna (adolescente), hechos ocurridos en la regi\u00f3n de la Cuenca del Papaloapan.<\/p>\n\n\n\n<p>Los sucesos se registraron el 28 de abril de 2023, cuando la v\u00edctima se encontraba en un sal\u00f3n de conferencias localizado en la colonia San Antonio del municipio de Loma Bonita, momento en que la sufri\u00f3 de la agresi\u00f3n sexual, hostigamiento que sigui\u00f3 por medio de mensajes enviados a trav\u00e9s de redes sociales.<\/p>\n\n\n\n<p>Ante los hechos, la v\u00edctima acudi\u00f3 a la FGEO para poner una denuncia, por lo que iniciaron las investigaciones a cargo de la Vicefiscal\u00eda Regional de la Cuenca, que reuni\u00f3 las pruebas suficientes para llevar al imputado ante el Juez.<\/p>\n\n\n\n<p>Luego de evaluar las pruebas aportadas por la Fiscal\u00eda, el Juez que atiende la causa dict\u00f3 auto de vinculaci\u00f3n a proceso en contra de J. R. H. L., quien es profesor del Centros de Bachillerato Tecnol\u00f3gico Industrial y de Servicios (Cbtis) 90 de Loma Bonita, adem\u00e1s que otorgaron dos meses para el cierre de la investigaci\u00f3n complementaria.<\/p>\n\n\n\n<p>La Fiscal\u00eda de Oaxaca atiende puntualmente las denuncias ante cualquier tipo de conducta sexual o causante de un delito, para que las ni\u00f1as, ni\u00f1os y adolescentes tengan una vida libre de violencia en cualquiera de los \u00e1mbitos en los que se desarrollan.<\/p>\n","protected":false},"excerpt":{"rendered":"<p>Redacci\u00f3n\/Zona Roja. Oaxaca de Ju\u00e1rez, Oax., a 6 de septiembre de 2023.-\u00a0La Fiscal\u00eda General del&hellip;<\/p>\n","protected":false},"author":2,"featured_media":17511,"comment_status":"closed","ping_status":"open","sticky":false,"template":"","format":"standard","meta":{"_lmt_disableupdate":"","_lmt_disable":"","_jetpack_memberships_contains_paid_content":false,"footnotes":""},"categories":[109,46],"tags":[494],"class_list":["post-59530","post","type-post","status-publish","format-standard","has-post-thumbnail","hentry","category-minuto-a-minuto","category-zona-blanca","tag-fiscalia-general-del-estado-de-oaxaca"],"jetpack_featured_media_url":"https:\/\/zonaroja.com.mx\/wp-content\/uploads\/2020\/09\/Violencia-sexual.jpg","jetpack_sharing_enabled":true,"_links":{"self":[{"href":"https:\/\/zonaroja.com.mx\/index.php?rest_route=\/wp\/v2\/posts\/59530","targetHints":{"allow":["GET"]}}],"collection":[{"href":"https:\/\/zonaroja.com.mx\/index.php?rest_route=\/wp\/v2\/posts"}],"about":[{"href":"https:\/\/zonaroja.com.mx\/index.php?rest_route=\/wp\/v2\/types\/post"}],"author":[{"embeddable":true,"href":"https:\/\/zonaroja.com.mx\/index.php?rest_route=\/wp\/v2\/users\/2"}],"replies":[{"embeddable":true,"href":"https:\/\/zonaroja.com.mx\/index.php?rest_route=%2Fwp%2Fv2%2Fcomments&post=59530"}],"version-history":[{"count":1,"href":"https:\/\/zonaroja.com.mx\/index.php?rest_route=\/wp\/v2\/posts\/59530\/revisions"}],"predecessor-version":[{"id":59531,"href":"https:\/\/zonaroja.com.mx\/index.php?rest_route=\/wp\/v2\/posts\/59530\/revisions\/59531"}],"wp:featuredmedia":[{"embeddable":true,"href":"https:\/\/zonaroja.com.mx\/index.php?rest_route=\/wp\/v2\/media\/17511"}],"wp:attachment":[{"href":"https:\/\/zonaroja.com.mx\/index.php?rest_route=%2Fwp%2Fv2%2Fmedia&parent=59530"}],"wp:term":[{"taxonomy":"category","embeddable":true,"href":"https:\/\/zonaroja.com.mx\/index.php?rest_route=%2Fwp%2Fv2%2Fcategories&post=59530"},{"taxonomy":"post_tag","embeddable":true,"href":"https:\/\/zonaroja.com.mx\/index.php?rest_route=%2Fwp%2Fv2%2Ftags&post=59530"}],"curies":[{"name":"wp","href":"https:\/\/api.w.org\/{rel}","templated":true}]}}